{"id":3905,"date":"2024-02-02T11:21:44","date_gmt":"2024-02-02T11:21:44","guid":{"rendered":"https:\/\/saintlouisnews.sn\/?p=3905"},"modified":"2024-02-02T11:21:44","modified_gmt":"2024-02-02T11:21:44","slug":"presidentielle-2024-le-mouvement-national-patriotique-gal-gi-rejoint-la-candidat-dethie-fall","status":"publish","type":"post","link":"https:\/\/saintlouisnews.sn\/?p=3905","title":{"rendered":"Pr\u00e9sidentielle 2024: Le Mouvement National Patriotique Gal- Gi rejoint la candidat D\u00e9thi\u00e9 FALL"},"content":{"rendered":"<p><strong>Pr\u00e9sidentielle 2024: Le Mouvement National Patriotique Gal- Gi rejoint la candidat D\u00e9thi\u00e9 FALL<img loading=\"lazy\" decoding=\"async\" class=\"aligncenter wp-image-3906 size-large\" src=\"https:\/\/saintlouisnews.sn\/news\/wp-content\/uploads\/2024\/02\/IMG-20240201-WA0045-768x1024.jpg\" alt=\"\" width=\"768\" height=\"1024\" \/><\/strong><\/p>\n<p><strong>\u00a0<\/strong><\/p>\n<p>Le candidat D\u00e9thi\u00e9 FALL obtient un soutien de taille. Il s&rsquo;agit du Mouvement National Patriotique Gal- Gi apr\u00e8s de l\u00a0\u00bbarges consultations dans nos differentes instances depuis le retrait de la candidature de notre<br \/>\nleader Dr Papa Moustapha<br \/>\nFall et une \u00e9tude minitieuse<br \/>\net approfondie<br \/>\nde la situation politique de notre pays le bureau politique du Mouvement National Patriotique\/Gal-Gi d\u00e9clare son soutien \u00e0 la coalition DETHIE FALL 2024 pour les \u00e9lections presidentielles de Fevrier 2024&Prime;.<br \/>\nCe choix du parti de Dr Moustapha FALL est \u00ab\u00a0guid\u00e9 par une \u00e9coute attentive du peuple s\u00e9n\u00e9galais dans sa qu\u00eate de changement profond et responsable\u00a0\u00bb. Les animateurs de ce Mouvement sont persuad\u00e9s que le Pr\u00e9sident DETHIE FALL \u00ab\u00a0incarne en<br \/>\ncomp\u00e9tence en valeurs cette aspiration\u00a0\u00bb. Ils l&rsquo;ont tari d&rsquo;\u00e9loges. \u00a0\u00bb De par sa rigueur, son sens de l&rsquo;honneur, sa vision et sa capacit\u00e9 d&rsquo;anticipation, le President DETHIE Fall est sans aucun doute la solution attendue pour un S\u00e9n\u00e9gal tourn\u00e9 d\u00e9finitivement vers le d\u00e9veloppement\u00a0\u00bb, ont-ils soutenu.<br \/>\nPar ailleurs le bureau politque demande la lib\u00e9ration de tous les<br \/>\ndetenus politiques et le respect des<br \/>\ndroits de tous les candidats<br \/>\npour garantir des \u00e9lections inclusives et apais\u00e9es<br \/>\nLe bureau politique appelle l&rsquo;ensemble de nos militants et sympatisants de se mettre et exclusivement au service de la coalition DETHIEFALL2024 et d&rsquo;\u00eatre \u00e0 l&rsquo;ecoute<br \/>\nde ses directives\u00a0\u00bb. Ils entendent mouiller pour la victoire finale:<\/p>\n<p>Le pr\u00e9sident D\u00e9thi\u00e9 FALL a aussi b\u00e9n\u00e9fici\u00e9 du soutien du President Fadel Kon\u00e8 et sa coalition par ailleurs candidat \u00e0 la Pr\u00e9sidentielle de 2024 recal\u00e9. Ils rejoignent la coalition DETHIE de FALL 2024.<\/p>\n","protected":false},"excerpt":{"rendered":"<p>Pr\u00e9sidentielle 2024: Le Mouvement National Patriotique Gal- Gi rejoint la candidat D\u00e9thi\u00e9 FALL \u00a0 Le candidat D\u00e9thi\u00e9 FALL obtient un soutien de taille. Il s&rsquo;agit du Mouvement National Patriotique Gal- Gi apr\u00e8s de l\u00a0\u00bbarges consultations dans nos differentes instances depuis le retrait de la candidature de notre leader Dr Papa Moustapha Fall et une \u00e9tude &hellip;<\/p>\n","protected":false},"author":1,"featured_media":3911,"comment_status":"open","ping_status":"open","sticky":false,"template":"","format":"standard","meta":{"footnotes":""},"categories":[219],"tags":[],"class_list":["post-3905","post","type-post","status-publish","format-standard","has-post-thumbnail","hentry","category-actualites"],"_links":{"self":[{"href":"https:\/\/saintlouisnews.sn\/index.php?rest_route=\/wp\/v2\/posts\/3905","targetHints":{"allow":["GET"]}}],"collection":[{"href":"https:\/\/saintlouisnews.sn\/index.php?rest_route=\/wp\/v2\/posts"}],"about":[{"href":"https:\/\/saintlouisnews.sn\/index.php?rest_route=\/wp\/v2\/types\/post"}],"author":[{"embeddable":true,"href":"https:\/\/saintlouisnews.sn\/index.php?rest_route=\/wp\/v2\/users\/1"}],"replies":[{"embeddable":true,"href":"https:\/\/saintlouisnews.sn\/index.php?rest_route=%2Fwp%2Fv2%2Fcomments&post=3905"}],"version-history":[{"count":0,"href":"https:\/\/saintlouisnews.sn\/index.php?rest_route=\/wp\/v2\/posts\/3905\/revisions"}],"wp:featuredmedia":[{"embeddable":true,"href":"https:\/\/saintlouisnews.sn\/index.php?rest_route=\/wp\/v2\/media\/3911"}],"wp:attachment":[{"href":"https:\/\/saintlouisnews.sn\/index.php?rest_route=%2Fwp%2Fv2%2Fmedia&parent=3905"}],"wp:term":[{"taxonomy":"category","embeddable":true,"href":"https:\/\/saintlouisnews.sn\/index.php?rest_route=%2Fwp%2Fv2%2Fcategories&post=3905"},{"taxonomy":"post_tag","embeddable":true,"href":"https:\/\/saintlouisnews.sn\/index.php?rest_route=%2Fwp%2Fv2%2Ftags&post=3905"}],"curies":[{"name":"wp","href":"https:\/\/api.w.org\/{rel}","templated":true}]}}