{"id":3990,"date":"2024-03-13T11:30:18","date_gmt":"2024-03-13T11:30:18","guid":{"rendered":"https:\/\/saintlouisnews.sn\/?p=3990"},"modified":"2024-03-13T11:30:18","modified_gmt":"2024-03-13T11:30:18","slug":"le-president-de-la-coalition-dethie-fall-2024-sillonne-linterieur-du-pays","status":"publish","type":"post","link":"https:\/\/saintlouisnews.sn\/?p=3990","title":{"rendered":"Le pr\u00e9sident de la coalition \u00ab\u00a0D\u00e9thi\u00e9 FALL 2024\u00a0\u00bb mobilise"},"content":{"rendered":"<p><em><strong>Le pr\u00e9sident de la coalition \u00ab\u00a0D\u00e9thi\u00e9 FALL 2024\u00a0\u00bb mobilise<\/strong><\/em><\/p>\n<p>Les jours se suivent et se ressemblent pour le candidat de la coalition \u00ab\u00a0D\u00e9thi\u00e9 FALL 2024&Prime; qui sillonne l&rsquo;int\u00e9rieur du pays. Partout o\u00f9 il passe avec son cort\u00e8ge, c&rsquo;est la mobilisation. Il n&rsquo;h\u00e9site pas \u00e0 rendre un \u00a0\u00bb hommage appuy\u00e9 aux autorit\u00e9s religieuses\u00a0\u00bb . C&rsquo;est le cas \u00e0 Kaolack o\u00f9 il a \u00e9t\u00e9 accueilli en grande pompe, ce qui l&rsquo;a touch\u00e9.<\/p>\n<p>\u00ab\u00a0Je suis profond\u00e9ment touch\u00e9 par l&rsquo;accueil m\u00e9morable que la population de Kaolack a r\u00e9serv\u00e9 \u00e0 la caravane de la Constance et de la V\u00e9rit\u00e9 \u00ab\u00a0Askan Wi\u00a0\u00bb rek de la Coalition \u00ab\u00a0D\u00e9thi\u00e9 FALL 2024&Prime;.\u00a0Kaolack est toujours marqu\u00e9e par le ch\u00f4mage, l&rsquo;insalubrit\u00e9, la probl\u00e9matique de la gestion des d\u00e9chets, etc., \u00e0 cause d&rsquo;un \u00e9chec visible et manifeste des autorit\u00e9s gouvernementales de Kaolack et du r\u00e9gime actuel.\u00a0Toutes ces probl\u00e9matiques et pr\u00e9occupations ont \u00e9t\u00e9 largement abord\u00e9es et prises en compte dans notre programme d&rsquo;un S\u00e9n\u00e9gal bon \u00e0 vivre et beau \u00e0 voir que nos centaines de cadres aguerris et experts en leur domaine ont brillamment \u00e9labor\u00e9\u00a0\u00bb, a r\u00e9v\u00e9l\u00e9 D\u00e9thi\u00e9 FALL.<\/p>\n<p><em><strong>Le Pr\u00e9sident de la R\u00e9publique Macky SALL avait promis de donner de l&#8217;emploi aux jeunes de Kaolack et de proc\u00e9der au dragage du port de Kaolack<\/strong><\/em><\/p>\n<p>Face \u00e0 la situation chaotique que vivent les populations, le candidat \u00e0 la pr\u00e9sidentielle, entend apporter des solutions. \u00ab\u00a0Je prends l&rsquo;engagement que si je suis \u00e9lu Pr\u00e9sident de la R\u00e9publique du S\u00e9n\u00e9gal au soir du 24 mars 2024, je vais mat\u00e9rialiser ce projet de dragage du port de Kaolack.\u00a0Le dragage du port de Kaolack me tient \u00e0 c\u0153ur car je suis conscient du potentiel d&rsquo;une telle initiative tant sur le plan maritime et \u00e9conomique pour redynamiser fortement l&rsquo;\u00e9conomie de Kaolack et donner les possibilit\u00e9s aux jeunes et aux femmes de Kaolack de trouver des emplois d\u00e9cents, chez eux\u00a0\u00bb, a promis le natif de Saint-Louis.<\/p>\n<p>S&rsquo;agissant du ch\u00f4mage des jeunes, il est cat\u00e9gorique. \u00ab\u00a0Il nous interpelle fortement. Et ce ch\u00f4mage anormal des jeunes g\u00e9n\u00e8re retard \u00e9conomique et cassure de notre tissu social. Il nous faut vite et avec rigueur stopper ce fl\u00e9au.\u00a0Je veux que les jeunes brisent, par eux-m\u00eames, les cha\u00eenes du d\u00e9sespoir, et cela passera in\u00e9luctablement par leur donner de bonnes opportunit\u00e9s d&#8217;emploi et de conditions de vie\u00a0\u00bb, a-t-il pens\u00e9 estimant qu'\u00a0\u00bbil nous faut du s\u00e9rieux et beaucoup de s\u00e9rieux pour r\u00e9soudre les probl\u00e8mes que vivent Kaolack et le S\u00e9n\u00e9gal. Il nous faut engager les grands chantiers de changement du S\u00e9n\u00e9gal avec du s\u00e9rieux, sur du s\u00e9rieux et dans du s\u00e9rieux\u00a0\u00bb.<\/p>\n<p>Mieux, le leader du PRP a pris l&rsquo;engagement de \u00ab\u00a0redynamiser les usines et industries\u00a0\u00bb afin de permettre \u00e0 Kaolack e retrouver son lustre d&rsquo;antan. \u00ab\u00a0Et cela se fera avec une forte dose de bonne gouvernance et de transparence qui consistera \u00e0 confier la gestion des entreprises publiques aux plus valeureux et plus comp\u00e9tents parmi nos compatriotes, \u00e0 travers une proc\u00e9dure de recrutement sur appel \u00e0 candidatures\u00a0\u00bb, a conclu l&rsquo;ing\u00e9nieur polytechnicien. .<\/p>\n","protected":false},"excerpt":{"rendered":"<p>Le pr\u00e9sident de la coalition \u00ab\u00a0D\u00e9thi\u00e9 FALL 2024\u00a0\u00bb mobilise Les jours se suivent et se ressemblent pour le candidat de la coalition \u00ab\u00a0D\u00e9thi\u00e9 FALL 2024&Prime; qui sillonne l&rsquo;int\u00e9rieur du pays. Partout o\u00f9 il passe avec son cort\u00e8ge, c&rsquo;est la mobilisation. Il n&rsquo;h\u00e9site pas \u00e0 rendre un \u00a0\u00bb hommage appuy\u00e9 aux autorit\u00e9s religieuses\u00a0\u00bb . C&rsquo;est le &hellip;<\/p>\n","protected":false},"author":1,"featured_media":3991,"comment_status":"open","ping_status":"open","sticky":false,"template":"","format":"standard","meta":{"footnotes":""},"categories":[219,228],"tags":[],"class_list":["post-3990","post","type-post","status-publish","format-standard","has-post-thumbnail","hentry","category-actualites","category-politique"],"_links":{"self":[{"href":"https:\/\/saintlouisnews.sn\/index.php?rest_route=\/wp\/v2\/posts\/3990","targetHints":{"allow":["GET"]}}],"collection":[{"href":"https:\/\/saintlouisnews.sn\/index.php?rest_route=\/wp\/v2\/posts"}],"about":[{"href":"https:\/\/saintlouisnews.sn\/index.php?rest_route=\/wp\/v2\/types\/post"}],"author":[{"embeddable":true,"href":"https:\/\/saintlouisnews.sn\/index.php?rest_route=\/wp\/v2\/users\/1"}],"replies":[{"embeddable":true,"href":"https:\/\/saintlouisnews.sn\/index.php?rest_route=%2Fwp%2Fv2%2Fcomments&post=3990"}],"version-history":[{"count":0,"href":"https:\/\/saintlouisnews.sn\/index.php?rest_route=\/wp\/v2\/posts\/3990\/revisions"}],"wp:featuredmedia":[{"embeddable":true,"href":"https:\/\/saintlouisnews.sn\/index.php?rest_route=\/wp\/v2\/media\/3991"}],"wp:attachment":[{"href":"https:\/\/saintlouisnews.sn\/index.php?rest_route=%2Fwp%2Fv2%2Fmedia&parent=3990"}],"wp:term":[{"taxonomy":"category","embeddable":true,"href":"https:\/\/saintlouisnews.sn\/index.php?rest_route=%2Fwp%2Fv2%2Fcategories&post=3990"},{"taxonomy":"post_tag","embeddable":true,"href":"https:\/\/saintlouisnews.sn\/index.php?rest_route=%2Fwp%2Fv2%2Ftags&post=3990"}],"curies":[{"name":"wp","href":"https:\/\/api.w.org\/{rel}","templated":true}]}}