{"id":3995,"date":"2024-03-14T14:00:56","date_gmt":"2024-03-14T14:00:56","guid":{"rendered":"https:\/\/saintlouisnews.sn\/?p=3995"},"modified":"2024-03-14T14:00:56","modified_gmt":"2024-03-14T14:00:56","slug":"presidentielle-2024-le-comite-electoral-departemental-de-rewmi-mis-en-place","status":"publish","type":"post","link":"https:\/\/saintlouisnews.sn\/?p=3995","title":{"rendered":"Pr\u00e9sidentielle 2024: Le comit\u00e9 \u00e9lectoral d\u00e9partemental de la coalition \u00ab\u00a0Idy 2024\u00a0\u00bb mis en place"},"content":{"rendered":"<p><em><strong>Pr\u00e9sidentielle 2024: Le comit\u00e9 \u00e9lectoral d\u00e9partemental de la coalition \u00ab\u00a0Idy 2024\u00a0\u00bb mis en place<\/strong><\/em><\/p>\n<p><img loading=\"lazy\" decoding=\"async\" class=\"alignnone size-medium wp-image-4005\" src=\"https:\/\/saintlouisnews.sn\/news\/wp-content\/uploads\/2024\/03\/IMG-20240314-WA0240-300x200.jpg\" alt=\"\" width=\"300\" height=\"200\" \/> <img loading=\"lazy\" decoding=\"async\" class=\"alignnone size-medium wp-image-4006\" src=\"https:\/\/saintlouisnews.sn\/news\/wp-content\/uploads\/2024\/03\/IMG-20240314-WA0238-300x200.jpg\" alt=\"\" width=\"300\" height=\"200\" \/><\/p>\n<p>La campagne est lanc\u00e9e pour la coalition \u00ab\u00a0Idy 2024\u00a0\u00bb d&rsquo;Idrissa SECK de Rewmi dont le si\u00e8ge \u00e0 Saint-Louis, a \u00e9t\u00e9 le lieu de ralliement des militants, responsables et sympathisants. Ces derniers \u00e9taient venus assister \u00e0 l&rsquo;installation du comit\u00e9 \u00e9lectoral d\u00e9partemental qui a vu la participation des coalitions \u00ab\u00a0Doundou\u00a0\u00bb, et de \u00ab\u00a0Mon pays, mon avenir\u00a0\u00bb ainsi que des militants du Pds. D&rsquo;ailleurs, Dr Abdoulaye NDOYE, deuxi\u00e8me vice-pr\u00e9sident de Rewmi tend la main aux lib\u00e9raux et souhaite une retrouvaille entre Idrissa SECK et Karim WADE.<br \/>\nLe S\u00e9n\u00e9gal va vers un tournant d\u00e9cisif. C&rsquo;est pourquoi, le patron du parti Rewmi \u00e0 Saint-Louis, a invit\u00e9 les citoyens \u00e0 faire le bon choix en pl\u00e9biscitant son leader. \u00ab\u00a0Idrissa SECK a les comp\u00e9tences requises pour mettre le S\u00e9n\u00e9gal sur les rails. Nous allons vers des \u00e9lections o\u00f9 il nous faut prendre nos responsabilit\u00e9s. Nos responsabilit\u00e9s consistent \u00e0 ne pas choisir des pr\u00e9sidents stagiaires ou des individus qui n&rsquo;ont aucune exp\u00e9rience \u00e9tatique encore moins de la vie ou des collectivit\u00e9s territoriales et qui veulent diriger notre pays\u00a0\u00bb, a averti Dr NDOYE pour qui \u00ab\u00a0diriger un pays, n&rsquo;est pas une mince affaire\u00a0\u00bb. C&rsquo;est la raison pour laquelle, il pense qu&rsquo;il \u00a0\u00bb faut r\u00e9server la gestion du pays \u00e0 des gens qui ont la comp\u00e9tence, les qualit\u00e9s humaines mais aussi morales et professionnelles comme le Pr\u00e9sident Idrissa SECK. Chacun doit beaucoup r\u00e9fl\u00e9chir avant d&rsquo;assumer son choix\u00a0\u00bb, a-t-il rappel\u00e9 pr\u00e9cisant \u00ab\u00a0ce sont des choix d\u00e9finitifs au moins pour 5 ans\u00a0\u00bb.<br \/>\nEn attendant, Dr Abdoulaye NDOYE estime que le meilleur candidat parmi les 19, est le Pr\u00e9sident Idrissa SECK qui a les \u00ab\u00a0qualit\u00e9s requises\u00a0\u00bb.<\/p>\n<p><img loading=\"lazy\" decoding=\"async\" class=\"alignnone size-medium wp-image-4007\" src=\"https:\/\/saintlouisnews.sn\/news\/wp-content\/uploads\/2024\/03\/IMG-20240314-WA0239-300x200.jpg\" alt=\"\" width=\"300\" height=\"200\" \/> <img loading=\"lazy\" decoding=\"async\" class=\"alignnone size-medium wp-image-4008\" src=\"https:\/\/saintlouisnews.sn\/news\/wp-content\/uploads\/2024\/03\/IMG-20240314-WA0236-300x200.jpg\" alt=\"\" width=\"300\" height=\"200\" \/> <img loading=\"lazy\" decoding=\"async\" class=\"alignnone size-medium wp-image-4009\" src=\"https:\/\/saintlouisnews.sn\/news\/wp-content\/uploads\/2024\/03\/IMG-20240314-WA0231-200x300.jpg\" alt=\"\" width=\"200\" height=\"300\" \/> <img loading=\"lazy\" decoding=\"async\" class=\"alignnone size-medium wp-image-4010\" src=\"https:\/\/saintlouisnews.sn\/news\/wp-content\/uploads\/2024\/03\/IMG-20240314-WA0235-200x300.jpg\" alt=\"\" width=\"200\" height=\"300\" \/> <img loading=\"lazy\" decoding=\"async\" class=\"alignnone size-medium wp-image-4011\" src=\"https:\/\/saintlouisnews.sn\/news\/wp-content\/uploads\/2024\/03\/IMG-20240314-WA0227-300x200.jpg\" alt=\"\" width=\"300\" height=\"200\" \/><\/p>\n","protected":false},"excerpt":{"rendered":"<p>Pr\u00e9sidentielle 2024: Le comit\u00e9 \u00e9lectoral d\u00e9partemental de la coalition \u00ab\u00a0Idy 2024\u00a0\u00bb mis en place La campagne est lanc\u00e9e pour la coalition \u00ab\u00a0Idy 2024\u00a0\u00bb d&rsquo;Idrissa SECK de Rewmi dont le si\u00e8ge \u00e0 Saint-Louis, a \u00e9t\u00e9 le lieu de ralliement des militants, responsables et sympathisants. Ces derniers \u00e9taient venus assister \u00e0 l&rsquo;installation du comit\u00e9 \u00e9lectoral d\u00e9partemental qui &hellip;<\/p>\n","protected":false},"author":1,"featured_media":3997,"comment_status":"open","ping_status":"open","sticky":false,"template":"","format":"standard","meta":{"footnotes":""},"categories":[228,229],"tags":[],"class_list":["post-3995","post","type-post","status-publish","format-standard","has-post-thumbnail","hentry","category-politique","category-saint-louis"],"_links":{"self":[{"href":"https:\/\/saintlouisnews.sn\/index.php?rest_route=\/wp\/v2\/posts\/3995","targetHints":{"allow":["GET"]}}],"collection":[{"href":"https:\/\/saintlouisnews.sn\/index.php?rest_route=\/wp\/v2\/posts"}],"about":[{"href":"https:\/\/saintlouisnews.sn\/index.php?rest_route=\/wp\/v2\/types\/post"}],"author":[{"embeddable":true,"href":"https:\/\/saintlouisnews.sn\/index.php?rest_route=\/wp\/v2\/users\/1"}],"replies":[{"embeddable":true,"href":"https:\/\/saintlouisnews.sn\/index.php?rest_route=%2Fwp%2Fv2%2Fcomments&post=3995"}],"version-history":[{"count":0,"href":"https:\/\/saintlouisnews.sn\/index.php?rest_route=\/wp\/v2\/posts\/3995\/revisions"}],"wp:featuredmedia":[{"embeddable":true,"href":"https:\/\/saintlouisnews.sn\/index.php?rest_route=\/wp\/v2\/media\/3997"}],"wp:attachment":[{"href":"https:\/\/saintlouisnews.sn\/index.php?rest_route=%2Fwp%2Fv2%2Fmedia&parent=3995"}],"wp:term":[{"taxonomy":"category","embeddable":true,"href":"https:\/\/saintlouisnews.sn\/index.php?rest_route=%2Fwp%2Fv2%2Fcategories&post=3995"},{"taxonomy":"post_tag","embeddable":true,"href":"https:\/\/saintlouisnews.sn\/index.php?rest_route=%2Fwp%2Fv2%2Ftags&post=3995"}],"curies":[{"name":"wp","href":"https:\/\/api.w.org\/{rel}","templated":true}]}}