{"id":4049,"date":"2024-03-23T20:19:34","date_gmt":"2024-03-23T20:19:34","guid":{"rendered":"https:\/\/saintlouisnews.sn\/?p=4049"},"modified":"2024-03-23T20:19:34","modified_gmt":"2024-03-23T20:19:34","slug":"podor-abdou-daouda-diallo-aneantit-lopposition","status":"publish","type":"post","link":"https:\/\/saintlouisnews.sn\/?p=4049","title":{"rendered":"Podor: ADD \u00e9limine les derni\u00e8res poches de r\u00e9sistance"},"content":{"rendered":"<div class=\"titre\">\n<h1 class=\"access\">Podor: ADD \u00e9limine les derni\u00e8res poches de r\u00e9sistance<\/h1>\n<\/div>\n<div class=\"chapeau\">\n<h3 class=\"access\">Podor dit oui \u00e0 Amadou B\u00e2. Et se bat comme un seul homme pour son \u00e9lection d\u00e8s le soir du dimanche 24 f\u00e9vrier. Ce, gr\u00e2ce \u00e0 l\u2019investissement physique du coordonnateur d\u00e9partemental qui n\u2019a m\u00e9nag\u00e9 ni sa bourse ni sa sant\u00e9 pour qu\u2019il en soit ainsi.<\/h3>\n<\/div>\n<p>De Bock\u00e9 Dialloub\u00e9, dont il est le maire \u00e0 Ndiay\u00e9ne Pendao, village d\u2019origine du candidat de Benno Bokk Yakaar et fief de madame le maire, Yetta Sow, par ailleurs coordinatrice d\u00e9partementale des femmes de Benno BokkYakar, dans le Di\u00e9ri comme dans le Walo, aucun centim\u00e8tre de terrain n\u2019a \u00e9t\u00e9 n\u00e9glig\u00e9 par Abdoulaye Daouda Diallo et son \u00e9quipe compos\u00e9e de tous les leaders de la majorit\u00e9 du d\u00e9partement dont des \u00e9lus (maires, adjoints aux maires, etc.).<\/p>\n<p>Le clou de cette campagne de proximit\u00e9 men\u00e9e au pas de charge a \u00e9t\u00e9 ce meeting de cl\u00f4ture doubl\u00e9 d\u2019un ndogou initi\u00e9 par les jeunes de Bby de la commune de Ndiay\u00e9ne Pendaw. Un meeting sous la houlette de la coordinatrice d\u00e9partementale ,en pr\u00e9sence des leaders Oumar Moussa Sow, Amadou Moctar Dieng, Mamadou Mountou B\u00e2. Tous ont unanimement appel\u00e9 \u00e0 voter massivement pour Amadou B\u00e2, d\u00e8s le premier tour.<\/p>\n<p>Avec la cl\u00f4ture de la campagne depuis vendredi \u00e0 minuit, ce samedi est encore r\u00e9serv\u00e9 \u00e0 la proximit\u00e9. Objectif : inciter les militants qui ne l\u2019ont pas encore fait \u00e0 aller retirer leurs cartes d\u2019\u00e9lecteurs, les faire voter massivement et tr\u00e8s t\u00f4t, pour \u00e9viter le rush et les rigueurs du Ramadan. S\u2019il y a donc quelqu\u2019un qui a marqu\u00e9 de son engagement physique, et qui a d\u00e9ploy\u00e9 toute son \u00e9nergie sur le terrain, cette campagne pour une victoire \u00e9clatante d\u2019Amadou B\u00e2 d\u00e8s ce dimanche, c\u2019est Abdoulaye Daouda Diallo.<\/p>\n<p>Cet engagement est un cinglant d\u00e9menti \u00e0 ceux qui, depuis toujours, ont entonn\u00e9 l\u2019hymne d\u2019une divergence profonde entre les deux. Le passage de B\u00e2 dans le fief de Bock\u00e9 Dialloub\u00e9 et leur tour, main dans la main dans un m\u00eame v\u00e9hicule, a fini de convaincre les sceptiques. Et c\u2019est donc fid\u00e8le \u00e0 son habitude de faire gagner sa coalition et ses leaders, comme lors des l\u00e9gislatives o\u00f9 Podor avait fait basculer les tendances en faveur de Benno alors que le ballotage \u00e9tait favorable \u00e0 Yewwi, que le d\u00e9partement, sous la f\u00e9rule de ADD, compte peser de tout son poids pour que Amadou B\u00e2 soit \u00e9lu Pr\u00e9sident de la R\u00e9publique du S\u00e9n\u00e9gal d\u00e8s le premier tour.<\/p>\n<p>&nbsp;<\/p>\n<p>Abou KANE<\/p>\n<p><!--more--><\/p>\n","protected":false},"excerpt":{"rendered":"<p>Podor: ADD \u00e9limine les derni\u00e8res poches de r\u00e9sistance Podor dit oui \u00e0 Amadou B\u00e2. Et se bat comme un seul homme pour son \u00e9lection d\u00e8s le soir du dimanche 24 f\u00e9vrier. Ce, gr\u00e2ce \u00e0 l\u2019investissement physique du coordonnateur d\u00e9partemental qui n\u2019a m\u00e9nag\u00e9 ni sa bourse ni sa sant\u00e9 pour qu\u2019il en soit ainsi. De Bock\u00e9 &hellip;<\/p>\n","protected":false},"author":1,"featured_media":0,"comment_status":"open","ping_status":"open","sticky":false,"template":"","format":"standard","meta":{"footnotes":""},"categories":[219,228],"tags":[],"class_list":["post-4049","post","type-post","status-publish","format-standard","hentry","category-actualites","category-politique"],"_links":{"self":[{"href":"https:\/\/saintlouisnews.sn\/index.php?rest_route=\/wp\/v2\/posts\/4049","targetHints":{"allow":["GET"]}}],"collection":[{"href":"https:\/\/saintlouisnews.sn\/index.php?rest_route=\/wp\/v2\/posts"}],"about":[{"href":"https:\/\/saintlouisnews.sn\/index.php?rest_route=\/wp\/v2\/types\/post"}],"author":[{"embeddable":true,"href":"https:\/\/saintlouisnews.sn\/index.php?rest_route=\/wp\/v2\/users\/1"}],"replies":[{"embeddable":true,"href":"https:\/\/saintlouisnews.sn\/index.php?rest_route=%2Fwp%2Fv2%2Fcomments&post=4049"}],"version-history":[{"count":0,"href":"https:\/\/saintlouisnews.sn\/index.php?rest_route=\/wp\/v2\/posts\/4049\/revisions"}],"wp:attachment":[{"href":"https:\/\/saintlouisnews.sn\/index.php?rest_route=%2Fwp%2Fv2%2Fmedia&parent=4049"}],"wp:term":[{"taxonomy":"category","embeddable":true,"href":"https:\/\/saintlouisnews.sn\/index.php?rest_route=%2Fwp%2Fv2%2Fcategories&post=4049"},{"taxonomy":"post_tag","embeddable":true,"href":"https:\/\/saintlouisnews.sn\/index.php?rest_route=%2Fwp%2Fv2%2Ftags&post=4049"}],"curies":[{"name":"wp","href":"https:\/\/api.w.org\/{rel}","templated":true}]}}