{"id":4064,"date":"2024-03-25T21:54:39","date_gmt":"2024-03-25T21:54:39","guid":{"rendered":"https:\/\/saintlouisnews.sn\/?p=4064"},"modified":"2024-03-25T21:54:39","modified_gmt":"2024-03-25T21:54:39","slug":"faly-seck-maire-de-ross-bethio-felicite-bassirou-diomaye-faye","status":"publish","type":"post","link":"https:\/\/saintlouisnews.sn\/?p=4064","title":{"rendered":"Faly SECK Maire de Ross-B\u00e9thio f\u00e9licite Bassirou Diomaye FAYE"},"content":{"rendered":"<p>\u00ab\u00a0Je f\u00e9licite le peuple s\u00e9n\u00e9galais pour sa maturit\u00e9 et accepte le choix port\u00e9 sur Monsieur Bassirou Diomaye Diakhar FAYE, \u00e9lu 5eme Pr\u00e9sident de la R\u00e9publique du S\u00e9n\u00e9gal.<\/p>\n<p><img loading=\"lazy\" decoding=\"async\" class=\"alignnone size-medium wp-image-4066\" src=\"https:\/\/saintlouisnews.sn\/news\/wp-content\/uploads\/2024\/03\/Lumii_20240325_213842209-1-300x169.jpg\" alt=\"\" width=\"300\" height=\"169\" \/><\/p>\n<p>Je lui pr\u00e9sente mes plus vives f\u00e9licitations et prie pour sa r\u00e9ussite totale.<\/p>\n<p>Je remercie tous mes militants et sympathisants pour leur soutien et leur engagement constants.<\/p>\n<p>Cette \u00e9lection pr\u00e9sidentielle vient ainsi d\u00e9montrer \u00e0 la face du monde que notre pays reste une v\u00e9ritable d\u00e9mocratie, une R\u00e9publique solide et exemplaire.<\/p>\n<p>Merci \u00e0 Son Excellence, Monsieur le Pr\u00e9sident de la R\u00e9publique Macky SALL pour son soutien, son accompagnement et son engagement pour le S\u00e9n\u00e9gal.<\/p>\n<p>Je tiens aussi \u00e0 remercier et encourager notre candidat, Monsieur Amadou B\u00c2 qui n\u2019a m\u00e9nag\u00e9 aucun effort pour la victoire de la coalition Benno Bokk Yaakar.<\/p>\n","protected":false},"excerpt":{"rendered":"<p>\u00ab\u00a0Je f\u00e9licite le peuple s\u00e9n\u00e9galais pour sa maturit\u00e9 et accepte le choix port\u00e9 sur Monsieur Bassirou Diomaye Diakhar FAYE, \u00e9lu 5eme Pr\u00e9sident de la R\u00e9publique du S\u00e9n\u00e9gal. Je lui pr\u00e9sente mes plus vives f\u00e9licitations et prie pour sa r\u00e9ussite totale. Je remercie tous mes militants et sympathisants pour leur soutien et leur engagement constants. Cette &hellip;<\/p>\n","protected":false},"author":1,"featured_media":4059,"comment_status":"open","ping_status":"open","sticky":false,"template":"","format":"standard","meta":{"footnotes":""},"categories":[219,228,229],"tags":[],"class_list":["post-4064","post","type-post","status-publish","format-standard","has-post-thumbnail","hentry","category-actualites","category-politique","category-saint-louis"],"_links":{"self":[{"href":"https:\/\/saintlouisnews.sn\/index.php?rest_route=\/wp\/v2\/posts\/4064","targetHints":{"allow":["GET"]}}],"collection":[{"href":"https:\/\/saintlouisnews.sn\/index.php?rest_route=\/wp\/v2\/posts"}],"about":[{"href":"https:\/\/saintlouisnews.sn\/index.php?rest_route=\/wp\/v2\/types\/post"}],"author":[{"embeddable":true,"href":"https:\/\/saintlouisnews.sn\/index.php?rest_route=\/wp\/v2\/users\/1"}],"replies":[{"embeddable":true,"href":"https:\/\/saintlouisnews.sn\/index.php?rest_route=%2Fwp%2Fv2%2Fcomments&post=4064"}],"version-history":[{"count":0,"href":"https:\/\/saintlouisnews.sn\/index.php?rest_route=\/wp\/v2\/posts\/4064\/revisions"}],"wp:featuredmedia":[{"embeddable":true,"href":"https:\/\/saintlouisnews.sn\/index.php?rest_route=\/wp\/v2\/media\/4059"}],"wp:attachment":[{"href":"https:\/\/saintlouisnews.sn\/index.php?rest_route=%2Fwp%2Fv2%2Fmedia&parent=4064"}],"wp:term":[{"taxonomy":"category","embeddable":true,"href":"https:\/\/saintlouisnews.sn\/index.php?rest_route=%2Fwp%2Fv2%2Fcategories&post=4064"},{"taxonomy":"post_tag","embeddable":true,"href":"https:\/\/saintlouisnews.sn\/index.php?rest_route=%2Fwp%2Fv2%2Ftags&post=4064"}],"curies":[{"name":"wp","href":"https:\/\/api.w.org\/{rel}","templated":true}]}}