{"id":4093,"date":"2024-04-05T08:33:01","date_gmt":"2024-04-05T08:33:01","guid":{"rendered":"https:\/\/saintlouisnews.sn\/?p=4093"},"modified":"2024-04-05T08:33:01","modified_gmt":"2024-04-05T08:33:01","slug":"comprendre-la-migration-pour-nous-eloigner-des-discours-xenophobes","status":"publish","type":"post","link":"https:\/\/saintlouisnews.sn\/?p=4093","title":{"rendered":"Comprendre la migration pour nous \u00e9loigner des discours x\u00e9nophobes"},"content":{"rendered":"<ul>\n<li><img loading=\"lazy\" decoding=\"async\" class=\"alignnone size-medium wp-image-4094\" src=\"https:\/\/saintlouisnews.sn\/news\/wp-content\/uploads\/2024\/04\/vlcsnap-2024-04-05-08h29m08s152-300x169.png\" alt=\"\" width=\"300\" height=\"169\" \/><br \/>\nCes derniers jours quelques m\u00e9dias, en ligne, ont servi de tribune laissant \u00e9merger un discours x\u00e9nophobe qui n\u2019est rien d\u2019autre que le reflet d\u2019une ignorance des migrations et des droits des migrants au S\u00e9n\u00e9gal. Faut-il le rappeler, le S\u00e9n\u00e9gal, fid\u00e8le aux id\u00e9aux des droits de l\u2019homme, a ratifi\u00e9 ou adh\u00e9r\u00e9 \u00e0 la presque totalit\u00e9 des instruments internationaux et r\u00e9gionaux de protection des droits de l\u2019Homme. Il en est ainsi par exemple de la D\u00e9claration Universelle des Droits de l\u2019Homme, du Pacte International sur les Droits Civils et Politiques, du Pacte International sur les Droits \u00c9conomiques, Sociaux et Culturels, de la Convention internationale sur l\u2019\u00e9limination de toutes les formes de discrimination raciale et de la Convention internationale sur la protection des droits de tous les travailleurs migrants et des membres de leur famille. L\u2019ensemble de ces instruments font partie int\u00e9grante du corpus juridique national conform\u00e9ment aux dispositions de l\u2019article 98 de la Constitution. Ils posent tous, le principe de l\u2019interdiction de la discrimination qui a une base constitutionnelle au S\u00e9n\u00e9gal.<br \/>\nLe discours stigmatisant brandi avec insensibilit\u00e9 semble vouloir soutenir que la migration est un probl\u00e8me alors qu\u2019elle est une opportunit\u00e9. La priorit\u00e9 du S\u00e9n\u00e9gal est d\u2019\u00e9laborer une politique nationale de la migration nourrie d\u2019une vision innovante et de perspectives rassurantes ; de prot\u00e9ger les droits des migrants ; d\u2019\u00e9tablir l\u2019\u00e9tat des lieux des conventions bilat\u00e9rales et multilat\u00e9rales de s\u00e9curit\u00e9 sociale conclues par l\u2019\u00c9tat du S\u00e9n\u00e9gal ; de faire la mise \u00e0 jour des conventions bilat\u00e9rales et multilat\u00e9rales de s\u00e9curit\u00e9 sociale sign\u00e9es par le S\u00e9n\u00e9gal par rapport \u00e0 l\u2019\u00e9volution des migrations actuelles ; d\u2019engager la signature de nouveaux accords de partenariat avec les pays \u00e0 forte destination des s\u00e9n\u00e9galais. Nous devons aider le S\u00e9n\u00e9gal \u00e0 sortir de la gestion de la migration et de s\u2019engager dans la gouvernance de la migration.<\/li>\n<li>Aly TANDIAN, Sociologue, Professeur Titulaire. Universit\u00e9 Gaston Berger de Saint-Louis<\/li>\n<\/ul>\n","protected":false},"excerpt":{"rendered":"<p>Ces derniers jours quelques m\u00e9dias, en ligne, ont servi de tribune laissant \u00e9merger un discours x\u00e9nophobe qui n\u2019est rien d\u2019autre que le reflet d\u2019une ignorance des migrations et des droits des migrants au S\u00e9n\u00e9gal. Faut-il le rappeler, le S\u00e9n\u00e9gal, fid\u00e8le aux id\u00e9aux des droits de l\u2019homme, a ratifi\u00e9 ou adh\u00e9r\u00e9 \u00e0 la presque totalit\u00e9 des &hellip;<\/p>\n","protected":false},"author":1,"featured_media":4094,"comment_status":"open","ping_status":"open","sticky":false,"template":"","format":"standard","meta":{"footnotes":""},"categories":[219,230],"tags":[],"class_list":["post-4093","post","type-post","status-publish","format-standard","has-post-thumbnail","hentry","category-actualites","category-sociale"],"_links":{"self":[{"href":"https:\/\/saintlouisnews.sn\/index.php?rest_route=\/wp\/v2\/posts\/4093","targetHints":{"allow":["GET"]}}],"collection":[{"href":"https:\/\/saintlouisnews.sn\/index.php?rest_route=\/wp\/v2\/posts"}],"about":[{"href":"https:\/\/saintlouisnews.sn\/index.php?rest_route=\/wp\/v2\/types\/post"}],"author":[{"embeddable":true,"href":"https:\/\/saintlouisnews.sn\/index.php?rest_route=\/wp\/v2\/users\/1"}],"replies":[{"embeddable":true,"href":"https:\/\/saintlouisnews.sn\/index.php?rest_route=%2Fwp%2Fv2%2Fcomments&post=4093"}],"version-history":[{"count":0,"href":"https:\/\/saintlouisnews.sn\/index.php?rest_route=\/wp\/v2\/posts\/4093\/revisions"}],"wp:featuredmedia":[{"embeddable":true,"href":"https:\/\/saintlouisnews.sn\/index.php?rest_route=\/wp\/v2\/media\/4094"}],"wp:attachment":[{"href":"https:\/\/saintlouisnews.sn\/index.php?rest_route=%2Fwp%2Fv2%2Fmedia&parent=4093"}],"wp:term":[{"taxonomy":"category","embeddable":true,"href":"https:\/\/saintlouisnews.sn\/index.php?rest_route=%2Fwp%2Fv2%2Fcategories&post=4093"},{"taxonomy":"post_tag","embeddable":true,"href":"https:\/\/saintlouisnews.sn\/index.php?rest_route=%2Fwp%2Fv2%2Ftags&post=4093"}],"curies":[{"name":"wp","href":"https:\/\/api.w.org\/{rel}","templated":true}]}}