{"id":4119,"date":"2024-04-27T20:47:29","date_gmt":"2024-04-27T20:47:29","guid":{"rendered":"https:\/\/saintlouisnews.sn\/?p=4119"},"modified":"2024-04-27T20:47:29","modified_gmt":"2024-04-27T20:47:29","slug":"modou-ndiaye-ancien-prefet-de-saint-louis-nomme-directeur-cabinet-ministre-infrastructures-et-des-transports-terrestres-et-aeriens","status":"publish","type":"post","link":"https:\/\/saintlouisnews.sn\/?p=4119","title":{"rendered":"Modou NDIAYE, ancien pr\u00e9fet de Saint-Louis, nomm\u00e9 Directeur Cabinet Ministre Infrastructures et des Transports terrestres et a\u00e9riens."},"content":{"rendered":"<p>Modou NDIAYE, ancien pr\u00e9fet de Saint-Louis, nomm\u00e9 Directeur Cabinet Ministre Infrastructures et des Transports terrestres et a\u00e9riens.<\/p>\n<p>La nouvelle est tomb\u00e9e. Monsieur Modou NDIAYE, Ancien Pr\u00e9fet du D\u00e9partement de Saint-Louis, a \u00e9t\u00e9 nomm\u00e9 Directeur de cabinet du Ministre des Infrastructures et des Transports terrestres et a\u00e9riens, El Malick NDIAYE.<br \/>\nEt c&rsquo;est avec une grande satisfaction que la nouvelle a \u00e9t\u00e9 accueillie par les populations notamment celles de l&rsquo;ancienne capitale du S\u00e9n\u00e9gal. Elle est m\u00eame per\u00e7ue par comme un acte de justice qui vient r\u00e9parer les torts subis par cet homme \u00ab\u00a0int\u00e8gre et comp\u00e9tent\u00a0\u00bb.<br \/>\nSelon certains, M. NDIAYE avait \u00e9t\u00e9 injustement def\u00e9nestr\u00e9 de son poste de Pr\u00e9fet de Saint-Louis pour avoir refus\u00e9 de c\u00e9der \u00e0 certaines pressions.<br \/>\nCette nomination est salu\u00e9e comme un signe d&rsquo;espoir pour le S\u00e9n\u00e9gal. Son int\u00e9grit\u00e9, son courage, son abn\u00e9gation, sa courtoisie, son professionnalisme et sa comp\u00e9tence font de lui un choix id\u00e9al pour ce poste important. Il est certain qu&rsquo;il saura mettre ses qualit\u00e9s au service du pays et contribuer \u00e0 la r\u00e9alisation des grands projets d&rsquo;infrastructures que le S\u00e9n\u00e9gal souhaite mettre en \u0153uvre sous le r\u00e9gime de Bassirou Diomaye Diakhar FAYE, pr\u00e9sident de la R\u00e9publique.<br \/>\nBon vent \u00e0 Monsieur Modou NDIAYE.<\/p>\n","protected":false},"excerpt":{"rendered":"<p>Modou NDIAYE, ancien pr\u00e9fet de Saint-Louis, nomm\u00e9 Directeur Cabinet Ministre Infrastructures et des Transports terrestres et a\u00e9riens. La nouvelle est tomb\u00e9e. Monsieur Modou NDIAYE, Ancien Pr\u00e9fet du D\u00e9partement de Saint-Louis, a \u00e9t\u00e9 nomm\u00e9 Directeur de cabinet du Ministre des Infrastructures et des Transports terrestres et a\u00e9riens, El Malick NDIAYE. Et c&rsquo;est avec une grande satisfaction &hellip;<\/p>\n","protected":false},"author":1,"featured_media":4120,"comment_status":"open","ping_status":"open","sticky":false,"template":"","format":"standard","meta":{"footnotes":""},"categories":[219],"tags":[],"class_list":["post-4119","post","type-post","status-publish","format-standard","has-post-thumbnail","hentry","category-actualites"],"_links":{"self":[{"href":"https:\/\/saintlouisnews.sn\/index.php?rest_route=\/wp\/v2\/posts\/4119","targetHints":{"allow":["GET"]}}],"collection":[{"href":"https:\/\/saintlouisnews.sn\/index.php?rest_route=\/wp\/v2\/posts"}],"about":[{"href":"https:\/\/saintlouisnews.sn\/index.php?rest_route=\/wp\/v2\/types\/post"}],"author":[{"embeddable":true,"href":"https:\/\/saintlouisnews.sn\/index.php?rest_route=\/wp\/v2\/users\/1"}],"replies":[{"embeddable":true,"href":"https:\/\/saintlouisnews.sn\/index.php?rest_route=%2Fwp%2Fv2%2Fcomments&post=4119"}],"version-history":[{"count":0,"href":"https:\/\/saintlouisnews.sn\/index.php?rest_route=\/wp\/v2\/posts\/4119\/revisions"}],"wp:featuredmedia":[{"embeddable":true,"href":"https:\/\/saintlouisnews.sn\/index.php?rest_route=\/wp\/v2\/media\/4120"}],"wp:attachment":[{"href":"https:\/\/saintlouisnews.sn\/index.php?rest_route=%2Fwp%2Fv2%2Fmedia&parent=4119"}],"wp:term":[{"taxonomy":"category","embeddable":true,"href":"https:\/\/saintlouisnews.sn\/index.php?rest_route=%2Fwp%2Fv2%2Fcategories&post=4119"},{"taxonomy":"post_tag","embeddable":true,"href":"https:\/\/saintlouisnews.sn\/index.php?rest_route=%2Fwp%2Fv2%2Ftags&post=4119"}],"curies":[{"name":"wp","href":"https:\/\/api.w.org\/{rel}","templated":true}]}}