{"id":4148,"date":"2024-05-18T09:57:48","date_gmt":"2024-05-18T09:57:48","guid":{"rendered":"https:\/\/saintlouisnews.sn\/?p=4148"},"modified":"2024-05-18T09:57:48","modified_gmt":"2024-05-18T09:57:48","slug":"70eme-edition-gamou-ndar-initiee-par-serigne-babacar","status":"publish","type":"post","link":"https:\/\/saintlouisnews.sn\/?p=4148","title":{"rendered":"70\u00e9me \u00e9dition Gamou Ndar initi\u00e9e par Serigne Babacar"},"content":{"rendered":"<p>70\u00e9me \u00e9dition Gamou Ndar initi\u00e9e par Serigne Babacar<\/p>\n<p>Les fid\u00e8les musulmans, en particulier les Tidianes se sont donn\u00e9s rendez-vous ce vendredi \u00e0 Saint Louis, notamment au Lyc\u00e9e Charles DE GAULLE pour le khadaratoul Jummah entrant dans le cadre de la c\u00e9l\u00e9bration de la 70e \u00e9dition du gamou de Ndar.<\/p>\n<p>\u00ab Gamou Ndar \u00bb un \u00e9v\u00e9nement religieux initi\u00e9 par le premier khalif de Seydi El Hadj Malick Sy , Serigne Babacar Sy (RTA). Il est pr\u00e9c\u00e9d\u00e9 par le khadaratoul Jummah.<br \/>\nIl faut signaler que le Gamou de Ndar a \u00e9t\u00e9 institu\u00e9 par Serigne Khalifa Babacar Sy en 1954 Il fait partie des trois grandes manifestations religieuses du Khadra de Seydi El Hadj Malick SY (RTA).<br \/>\nSerigne Babacar SY (RTA) avait recommand\u00e9 \u00e0 tous ses fils et disciples de venir chaque ann\u00e9e \u00e0 Ndar c\u00e9l\u00e9brer le Gamou qui draine chaque du monde..<\/p>\n","protected":false},"excerpt":{"rendered":"<p>70\u00e9me \u00e9dition Gamou Ndar initi\u00e9e par Serigne Babacar Les fid\u00e8les musulmans, en particulier les Tidianes se sont donn\u00e9s rendez-vous ce vendredi \u00e0 Saint Louis, notamment au Lyc\u00e9e Charles DE GAULLE pour le khadaratoul Jummah entrant dans le cadre de la c\u00e9l\u00e9bration de la 70e \u00e9dition du gamou de Ndar. \u00ab Gamou Ndar \u00bb un \u00e9v\u00e9nement &hellip;<\/p>\n","protected":false},"author":1,"featured_media":4149,"comment_status":"open","ping_status":"open","sticky":false,"template":"","format":"standard","meta":{"footnotes":""},"categories":[219,229],"tags":[],"class_list":["post-4148","post","type-post","status-publish","format-standard","has-post-thumbnail","hentry","category-actualites","category-saint-louis"],"_links":{"self":[{"href":"https:\/\/saintlouisnews.sn\/index.php?rest_route=\/wp\/v2\/posts\/4148","targetHints":{"allow":["GET"]}}],"collection":[{"href":"https:\/\/saintlouisnews.sn\/index.php?rest_route=\/wp\/v2\/posts"}],"about":[{"href":"https:\/\/saintlouisnews.sn\/index.php?rest_route=\/wp\/v2\/types\/post"}],"author":[{"embeddable":true,"href":"https:\/\/saintlouisnews.sn\/index.php?rest_route=\/wp\/v2\/users\/1"}],"replies":[{"embeddable":true,"href":"https:\/\/saintlouisnews.sn\/index.php?rest_route=%2Fwp%2Fv2%2Fcomments&post=4148"}],"version-history":[{"count":0,"href":"https:\/\/saintlouisnews.sn\/index.php?rest_route=\/wp\/v2\/posts\/4148\/revisions"}],"wp:featuredmedia":[{"embeddable":true,"href":"https:\/\/saintlouisnews.sn\/index.php?rest_route=\/wp\/v2\/media\/4149"}],"wp:attachment":[{"href":"https:\/\/saintlouisnews.sn\/index.php?rest_route=%2Fwp%2Fv2%2Fmedia&parent=4148"}],"wp:term":[{"taxonomy":"category","embeddable":true,"href":"https:\/\/saintlouisnews.sn\/index.php?rest_route=%2Fwp%2Fv2%2Fcategories&post=4148"},{"taxonomy":"post_tag","embeddable":true,"href":"https:\/\/saintlouisnews.sn\/index.php?rest_route=%2Fwp%2Fv2%2Ftags&post=4148"}],"curies":[{"name":"wp","href":"https:\/\/api.w.org\/{rel}","templated":true}]}}