{"id":4194,"date":"2024-06-07T12:55:22","date_gmt":"2024-06-07T12:55:22","guid":{"rendered":"https:\/\/saintlouisnews.sn\/?p=4194"},"modified":"2024-06-07T12:55:22","modified_gmt":"2024-06-07T12:55:22","slug":"3fpt-dr-babo-amadou-ba-installe-decline-ses-ambitions","status":"publish","type":"post","link":"https:\/\/saintlouisnews.sn\/?p=4194","title":{"rendered":"3FPT\u00a0: Dr Babo Amadou BA install\u00e9, d\u00e9cline ses ambitions"},"content":{"rendered":"<p><b><i>3FPT\u00a0: Dr Babo Amadou BA install\u00e9, d\u00e9cline ses ambitions<\/i><\/b><\/p>\n<p><img loading=\"lazy\" decoding=\"async\" class=\"alignnone size-medium wp-image-4195\" src=\"https:\/\/saintlouisnews.sn\/news\/wp-content\/uploads\/2024\/06\/bbaa-300x200.webp\" alt=\"\" width=\"300\" height=\"200\" \/><\/p>\n<p><b><i>Le nouveau Directeur g\u00e9n\u00e9ral du Fonds de Financement de la Formation professionnelle et technique (3FPT) a \u00e9t\u00e9 install\u00e9 hier. Dr Babo Amadou BA estime que cette institution de r\u00e9f\u00e9rence constitue \u00ab\u00a0une importance capitale dans le projet du Pr\u00e9sident Bassirou Diomaye Diakhar FAYE\u00a0\u00bb. Conscient des charges et de l\u2019importance strat\u00e9gique\u00a0de la formation professionnelle et technique pour le d\u00e9veloppement du S\u00e9n\u00e9gal, il s\u2019engage \u00e0 mener \u00ab\u00a0cette mission avec honneur, humilit\u00e9, disponibilit\u00e9 et comp\u00e9tence\u00a0\u00bb afin de m\u00e9riter la confiance du Chef de l\u2019Eta et de son premier ministre. D\u2019apr\u00e8s lui, l\u2019emploi des jeunes\u00a0\u00ab\u00a0constitue la premi\u00e8re du nouveau gouvernement\u00a0\u00bb. A l\u2019en croire, une solution syst\u00e9mique s\u2019impose autour de trois piliers\u00a0: formation vers les m\u00e9tiers du futur, cr\u00e9ation de capitaines d\u00a0\u00bbindustries s\u00e9n\u00e9galais et renforcement du mod\u00e8le \u00e9conomique.\u00a0\u00a0<\/i><\/b><\/p>\n<p>DISCOURS\u00a0 INTERGRAL DU NOUVEAU DIRECTEUR GENERAL DE 3FPT<\/p>\n<p>A l\u2019entame de mon propos, qu\u2019il me soit permis de rendre gr\u00e2ce \u00e0 Allah, Ma\u00eetre des destin\u00e9es.<\/p>\n<p>Je tiens \u00e0 exprimer ma profonde gratitude au Pr\u00e9sident de la R\u00e9publique, Son excellence Monsieur Bassirou Diomaye FAYE, et au Premier Ministre, Monsieur Ousmane SONKO, pour la confiance port\u00e9e sur ma modeste personne en me nommant Directeur g\u00e9n\u00e9ral du Fonds de Financement de la Formation professionnelle et technique (3FPT) une structure de r\u00e9f\u00e9rence d\u2019une importance capitale dans le dispositif du \u00ab PROJET \u00bb.<\/p>\n<p>C\u2019est avec une grande responsabilit\u00e9 que j\u2019accepte les charges de Directeur g\u00e9n\u00e9ral du 3FPT, en \u00e9tant pleinement conscient de l\u2019importance strat\u00e9gique de la formation professionnelle et technique pour le d\u00e9veloppement de notre pays. En effet, nous avons vendu aux S\u00e9n\u00e9galais le PROJET d\u2019un S\u00e9n\u00e9gal souverain, juste et prosp\u00e8re. Les orientations du 3FPT s\u2019inscrivent dans l\u2019axe 3 du PROJET : Capital humain et qualit\u00e9 de vie. Je m\u2019engage \u00e0 mener cette mission avec HONNEUR, HUMILITE, DISPONIBILITE et COMPETENCE.<\/p>\n<p>L\u2019emploi des jeunes constitue la premi\u00e8re priorit\u00e9 du nouveau gouvernement du S\u00e9n\u00e9gal. Face \u00e0 un probl\u00e8me structurel, il faut une solution syst\u00e9mique compos\u00e9e de 3 piliers :<\/p>\n<p>\u00b7\u00a0Une formation vers les m\u00e9tiers du futur<\/p>\n<p>\u00b7\u00a0La cr\u00e9ation de capitaines d\u2019industrie s\u00e9n\u00e9galais<\/p>\n<p>\u00b7\u00a0Le renforcement de notre mod\u00e8le \u00e9conomique<\/p>\n<p>C\u2019est la raison pour laquelle nous allons proc\u00e9der \u00e0 un changement de PARADIGME afin d\u2019orienter le maximum possible le financement de la formation professionnelle et technique vers les m\u00e9tiers en relation directe avec le mod\u00e8le ISI, ensuite vers les porteurs de projet d\u2019insertion et l\u2019apprentissage afin de cr\u00e9er des capitaines d\u2019industrie, et enfin choisir une approche QUALITATIVE dans l\u2019octroi de FINANCEMENT.<\/p>\n<p>Par ailleurs, il me plait de souligner que ma prise de fonction co\u00efncide \u00e0 l\u2019an 10 du 3FPT. L\u2019\u00e2ge de toutes les audaces que nous porterons avec abn\u00e9gation et d\u00e9termination pour que la confiance plac\u00e9e en notre personne puisse porter ses fruits.<\/p>\n<p>Je rejoins 3FPT en toute humilit\u00e9 et je suis d\u00e9termin\u00e9e \u00e0 accomplir pleinement ma mission telle que l\u2019a prescrit Son Excellence Monsieur le Pr\u00e9sident de la R\u00e9publique Bassirou FAYE dans le concept du JUB, JUBBAL, JUBBANTI<\/p>\n","protected":false},"excerpt":{"rendered":"<p>3FPT\u00a0: Dr Babo Amadou BA install\u00e9, d\u00e9cline ses ambitions Le nouveau Directeur g\u00e9n\u00e9ral du Fonds de Financement de la Formation professionnelle et technique (3FPT) a \u00e9t\u00e9 install\u00e9 hier. Dr Babo Amadou BA estime que cette institution de r\u00e9f\u00e9rence constitue \u00ab\u00a0une importance capitale dans le projet du Pr\u00e9sident Bassirou Diomaye Diakhar FAYE\u00a0\u00bb. Conscient des charges et &hellip;<\/p>\n","protected":false},"author":1,"featured_media":4195,"comment_status":"open","ping_status":"open","sticky":false,"template":"","format":"standard","meta":{"footnotes":""},"categories":[219,228],"tags":[],"class_list":["post-4194","post","type-post","status-publish","format-standard","has-post-thumbnail","hentry","category-actualites","category-politique"],"_links":{"self":[{"href":"https:\/\/saintlouisnews.sn\/index.php?rest_route=\/wp\/v2\/posts\/4194","targetHints":{"allow":["GET"]}}],"collection":[{"href":"https:\/\/saintlouisnews.sn\/index.php?rest_route=\/wp\/v2\/posts"}],"about":[{"href":"https:\/\/saintlouisnews.sn\/index.php?rest_route=\/wp\/v2\/types\/post"}],"author":[{"embeddable":true,"href":"https:\/\/saintlouisnews.sn\/index.php?rest_route=\/wp\/v2\/users\/1"}],"replies":[{"embeddable":true,"href":"https:\/\/saintlouisnews.sn\/index.php?rest_route=%2Fwp%2Fv2%2Fcomments&post=4194"}],"version-history":[{"count":0,"href":"https:\/\/saintlouisnews.sn\/index.php?rest_route=\/wp\/v2\/posts\/4194\/revisions"}],"wp:featuredmedia":[{"embeddable":true,"href":"https:\/\/saintlouisnews.sn\/index.php?rest_route=\/wp\/v2\/media\/4195"}],"wp:attachment":[{"href":"https:\/\/saintlouisnews.sn\/index.php?rest_route=%2Fwp%2Fv2%2Fmedia&parent=4194"}],"wp:term":[{"taxonomy":"category","embeddable":true,"href":"https:\/\/saintlouisnews.sn\/index.php?rest_route=%2Fwp%2Fv2%2Fcategories&post=4194"},{"taxonomy":"post_tag","embeddable":true,"href":"https:\/\/saintlouisnews.sn\/index.php?rest_route=%2Fwp%2Fv2%2Ftags&post=4194"}],"curies":[{"name":"wp","href":"https:\/\/api.w.org\/{rel}","templated":true}]}}