{"id":4239,"date":"2024-06-23T19:13:06","date_gmt":"2024-06-23T19:13:06","guid":{"rendered":"https:\/\/saintlouisnews.sn\/?p=4239"},"modified":"2024-06-23T19:13:06","modified_gmt":"2024-06-23T19:13:06","slug":"sport-amara-traore-quitte-la-presidence-de-la-linguere","status":"publish","type":"post","link":"https:\/\/saintlouisnews.sn\/?p=4239","title":{"rendered":"Sport: Amara TRAOR\u00c9 quitte la pr\u00e9sidence de la Lingu\u00e9re"},"content":{"rendered":"<p>Amara TRAOR\u00c9 a d\u00e9missionn\u00e9 \u00e0 la t\u00eate de la pr\u00e9sidence de la Lingu\u00e9re de Saint-Louis ce dimanche. \u201dApr\u00e8s six ann\u00e9es de dur labeur \u00e0 relever des d\u00e9fis et \u00e0 m\u2019investir dans la formation des jeunes de ma ville, il est temps pour moi de vous adresser ces mots de remerciement et d\u2019adieu en tant que pr\u00e9sident de notre cher club\u2019\u2019, a-t-il d\u00e9clar\u00e9 dans un communiqu\u00e9 transmis \u00e0 saintlouisnews.<\/p>\n<p>Le pr\u00e9sident a toujours \u00e9t\u00e9 \u00e0 c\u00f4t\u00e9 de l&rsquo;\u00e9quipe pour relever les d\u00e9fis. \u201dJe me suis toujours engag\u00e9, \u00e0 \u00eatre le garant de l\u2019h\u00e9ritage des Samba Lingu\u00e8re afin de continuer le d\u00e9veloppement de notre club, un digne fils l\u00e9gitime, passionn\u00e9 et engag\u00e9, est pr\u00eat \u00e0 tenir le flambeau pour que la Lingu\u00e8re de Saint-Louis puisse atteindre les plus hauts sommets du football africain\u201d, a-t-il poursuivi.<\/p>\n<p>Le d\u00e9sormais ex pr\u00e9sident de l&rsquo;\u00e9quipe phare de la cit\u00e9 tricentenaire Amara TRAOR\u00c9 a \u00e9galement adress\u00e9 ses remerciements \u00e0 l\u2019endroit de toutes celles et de tous ceux qui l\u2019ont soutenu tout au long de cette aventure\u00a0 \u00ab\u00a0notamment les membres du comit\u00e9 directeur, les supporters, les joueurs, les entra\u00eeneurs entre autres\u00a0\u00bb.<\/p>\n<p>A signaler que la Lingu\u00e8re de Saint-Louis a assur\u00e9 le maintien lors de la saison 2023\/2024 dans le championnat d\u2019\u00e9lite de football professionnel.<\/p>\n","protected":false},"excerpt":{"rendered":"<p>Amara TRAOR\u00c9 a d\u00e9missionn\u00e9 \u00e0 la t\u00eate de la pr\u00e9sidence de la Lingu\u00e9re de Saint-Louis ce dimanche. \u201dApr\u00e8s six ann\u00e9es de dur labeur \u00e0 relever des d\u00e9fis et \u00e0 m\u2019investir dans la formation des jeunes de ma ville, il est temps pour moi de vous adresser ces mots de remerciement et d\u2019adieu en tant que &hellip;<\/p>\n","protected":false},"author":1,"featured_media":4241,"comment_status":"open","ping_status":"open","sticky":false,"template":"","format":"standard","meta":{"footnotes":""},"categories":[218,219,1],"tags":[],"class_list":["post-4239","post","type-post","status-publish","format-standard","has-post-thumbnail","hentry","category-a-laune","category-actualites","category-uncategorized"],"_links":{"self":[{"href":"https:\/\/saintlouisnews.sn\/index.php?rest_route=\/wp\/v2\/posts\/4239","targetHints":{"allow":["GET"]}}],"collection":[{"href":"https:\/\/saintlouisnews.sn\/index.php?rest_route=\/wp\/v2\/posts"}],"about":[{"href":"https:\/\/saintlouisnews.sn\/index.php?rest_route=\/wp\/v2\/types\/post"}],"author":[{"embeddable":true,"href":"https:\/\/saintlouisnews.sn\/index.php?rest_route=\/wp\/v2\/users\/1"}],"replies":[{"embeddable":true,"href":"https:\/\/saintlouisnews.sn\/index.php?rest_route=%2Fwp%2Fv2%2Fcomments&post=4239"}],"version-history":[{"count":0,"href":"https:\/\/saintlouisnews.sn\/index.php?rest_route=\/wp\/v2\/posts\/4239\/revisions"}],"wp:featuredmedia":[{"embeddable":true,"href":"https:\/\/saintlouisnews.sn\/index.php?rest_route=\/wp\/v2\/media\/4241"}],"wp:attachment":[{"href":"https:\/\/saintlouisnews.sn\/index.php?rest_route=%2Fwp%2Fv2%2Fmedia&parent=4239"}],"wp:term":[{"taxonomy":"category","embeddable":true,"href":"https:\/\/saintlouisnews.sn\/index.php?rest_route=%2Fwp%2Fv2%2Fcategories&post=4239"},{"taxonomy":"post_tag","embeddable":true,"href":"https:\/\/saintlouisnews.sn\/index.php?rest_route=%2Fwp%2Fv2%2Ftags&post=4239"}],"curies":[{"name":"wp","href":"https:\/\/api.w.org\/{rel}","templated":true}]}}