{"id":476,"date":"2022-09-02T00:28:59","date_gmt":"2022-09-02T00:28:59","guid":{"rendered":"https:\/\/saintlouisnews.sn\/?p=476"},"modified":"2022-09-02T00:28:59","modified_gmt":"2022-09-02T00:28:59","slug":"gestion-des-inondations-elan-de-solidarite-des-populations-de-balacoss","status":"publish","type":"post","link":"https:\/\/saintlouisnews.sn\/?p=476","title":{"rendered":"Gestion des inondations: \u00c9lan de solidarit\u00e9 des populations de Balacoss"},"content":{"rendered":"<p>Gestion des inondations: Mobilisation des populations de Balacoss<br \/>\nLa solidarit\u00e9 est de mise \u00e0 Balacoss o\u00f9 des jeunes du quartier, sous l&rsquo;impulsion de Bilal FOFANA, Inspecteur des Sports, se sont mobilis\u00e9s pour \u00e9vacuer les eaux des pluies. L&rsquo;ancien championnat d&rsquo;Afrique de Judo est en train d&rsquo;abattre avec ces jeunes un travail de titan. Outre l&rsquo;\u00e9vacuation des eaux, l&rsquo;\u00e9quipe tr\u00e8s dynamique a cur\u00e9 les r\u00e9seaux de drainage.<br \/>\nA la t\u00eate Bilal FOFANA un jeune inspecteur des sports et de la jeunesse qui a mis mobilis\u00e9 une La citoyennet\u00e9 en bandouli\u00e8re, des jeunes du quartier de Balacoss se sont mobilis\u00e9s pour enlever les eaux de pluie stagnantes et ils ont cur\u00e9 les r\u00e9seaux de drainage. La motopompe mise \u00e0 disposition par M.FOFANA a permis d&rsquo;enlever le trop plein dans les maisons.<br \/>\nLes jeunes \u0153uvrent inlassablement pour enlever les eaux de l&rsquo;\u00e9cole \u00e9l\u00e9mentaire Soukeyna KONAR\u00c9.<br \/>\nPour r\u00e9ussir ce travail, les jeunes ont compt\u00e9 sur &lsquo;l&rsquo;Honorable d\u00e9put\u00e9e Aminata GU\u00c9YE, ainsi que les directeurs Pape Ibrahima FAYE et Alioune DIOP, qui les ont appuy\u00e9s en carburant.<br \/>\nCerises sur le g\u00e2teau, le maire de Saint-Louis, Amadou Mansour FAYE, content de cet \u00e9lan de solidarit\u00e9 a d\u00e9p\u00each\u00e9 une equipe dirig\u00e9e par Latyr FALL et M\u00e9doune DIENG venus apporter le soutien de l&rsquo;\u00e9dile en mat\u00e9riels et en carburant.<br \/>\nLa citoyennet\u00e9 est perceptible \u00e0 Balacoss o\u00f9 le travail discret men\u00e9 par l&rsquo;infatigable Fara SYLLA est salu\u00e9 par tous.<img loading=\"lazy\" decoding=\"async\" class=\"alignnone size-medium wp-image-466\" src=\"https:\/\/saintlouisnews.sn\/news\/wp-content\/uploads\/2022\/09\/WhatsApp-Image-2022-09-01-at-23.15.09-2-300x225.jpeg\" alt=\"\" width=\"300\" height=\"225\" \/> <img loading=\"lazy\" decoding=\"async\" class=\"alignnone size-medium wp-image-475\" src=\"https:\/\/saintlouisnews.sn\/news\/wp-content\/uploads\/2022\/09\/WhatsApp-Image-2022-09-01-at-23.15.04-300x225.jpeg\" alt=\"\" width=\"300\" height=\"225\" \/> <img loading=\"lazy\" decoding=\"async\" class=\"alignnone size-medium wp-image-474\" src=\"https:\/\/saintlouisnews.sn\/news\/wp-content\/uploads\/2022\/09\/WhatsApp-Image-2022-09-01-at-23.15.05-300x225.jpeg\" alt=\"\" width=\"300\" height=\"225\" \/> <img loading=\"lazy\" decoding=\"async\" class=\"alignnone size-medium wp-image-473\" src=\"https:\/\/saintlouisnews.sn\/news\/wp-content\/uploads\/2022\/09\/WhatsApp-Image-2022-09-01-at-23.15.06-300x225.jpeg\" alt=\"\" width=\"300\" height=\"225\" \/> <img loading=\"lazy\" decoding=\"async\" class=\"alignnone size-medium wp-image-472\" src=\"https:\/\/saintlouisnews.sn\/news\/wp-content\/uploads\/2022\/09\/WhatsApp-Image-2022-09-01-at-23.15.06-1-300x225.jpeg\" alt=\"\" width=\"300\" height=\"225\" \/> <img loading=\"lazy\" decoding=\"async\" class=\"alignnone size-medium wp-image-471\" src=\"https:\/\/saintlouisnews.sn\/news\/wp-content\/uploads\/2022\/09\/WhatsApp-Image-2022-09-01-at-23.15.07-300x225.jpeg\" alt=\"\" width=\"300\" height=\"225\" \/> <img loading=\"lazy\" decoding=\"async\" class=\"alignnone size-medium wp-image-470\" src=\"https:\/\/saintlouisnews.sn\/news\/wp-content\/uploads\/2022\/09\/WhatsApp-Image-2022-09-01-at-23.15.07-1-300x225.jpeg\" alt=\"\" width=\"300\" height=\"225\" \/> <img loading=\"lazy\" decoding=\"async\" class=\"alignnone size-medium wp-image-469\" src=\"https:\/\/saintlouisnews.sn\/news\/wp-content\/uploads\/2022\/09\/WhatsApp-Image-2022-09-01-at-23.15.08-300x225.jpeg\" alt=\"\" width=\"300\" height=\"225\" \/> <img loading=\"lazy\" decoding=\"async\" class=\"alignnone size-medium wp-image-468\" src=\"https:\/\/saintlouisnews.sn\/news\/wp-content\/uploads\/2022\/09\/WhatsApp-Image-2022-09-01-at-23.15.09-300x225.jpeg\" alt=\"\" width=\"300\" height=\"225\" \/> <img loading=\"lazy\" decoding=\"async\" class=\"alignnone size-medium wp-image-467\" src=\"https:\/\/saintlouisnews.sn\/news\/wp-content\/uploads\/2022\/09\/WhatsApp-Image-2022-09-01-at-23.15.09-1-300x225.jpeg\" alt=\"\" width=\"300\" height=\"225\" \/><\/p>\n","protected":false},"excerpt":{"rendered":"<p>Gestion des inondations: Mobilisation des populations de Balacoss La solidarit\u00e9 est de mise \u00e0 Balacoss o\u00f9 des jeunes du quartier, sous l&rsquo;impulsion de Bilal FOFANA, Inspecteur des Sports, se sont mobilis\u00e9s pour \u00e9vacuer les eaux des pluies. L&rsquo;ancien championnat d&rsquo;Afrique de Judo est en train d&rsquo;abattre avec ces jeunes un travail de titan. Outre l&rsquo;\u00e9vacuation &hellip;<\/p>\n","protected":false},"author":1,"featured_media":466,"comment_status":"open","ping_status":"open","sticky":false,"template":"","format":"standard","meta":{"footnotes":""},"categories":[219],"tags":[],"class_list":["post-476","post","type-post","status-publish","format-standard","has-post-thumbnail","hentry","category-actualites"],"_links":{"self":[{"href":"https:\/\/saintlouisnews.sn\/index.php?rest_route=\/wp\/v2\/posts\/476","targetHints":{"allow":["GET"]}}],"collection":[{"href":"https:\/\/saintlouisnews.sn\/index.php?rest_route=\/wp\/v2\/posts"}],"about":[{"href":"https:\/\/saintlouisnews.sn\/index.php?rest_route=\/wp\/v2\/types\/post"}],"author":[{"embeddable":true,"href":"https:\/\/saintlouisnews.sn\/index.php?rest_route=\/wp\/v2\/users\/1"}],"replies":[{"embeddable":true,"href":"https:\/\/saintlouisnews.sn\/index.php?rest_route=%2Fwp%2Fv2%2Fcomments&post=476"}],"version-history":[{"count":0,"href":"https:\/\/saintlouisnews.sn\/index.php?rest_route=\/wp\/v2\/posts\/476\/revisions"}],"wp:featuredmedia":[{"embeddable":true,"href":"https:\/\/saintlouisnews.sn\/index.php?rest_route=\/wp\/v2\/media\/466"}],"wp:attachment":[{"href":"https:\/\/saintlouisnews.sn\/index.php?rest_route=%2Fwp%2Fv2%2Fmedia&parent=476"}],"wp:term":[{"taxonomy":"category","embeddable":true,"href":"https:\/\/saintlouisnews.sn\/index.php?rest_route=%2Fwp%2Fv2%2Fcategories&post=476"},{"taxonomy":"post_tag","embeddable":true,"href":"https:\/\/saintlouisnews.sn\/index.php?rest_route=%2Fwp%2Fv2%2Ftags&post=476"}],"curies":[{"name":"wp","href":"https:\/\/api.w.org\/{rel}","templated":true}]}}