{"id":4775,"date":"2022-07-25T01:31:13","date_gmt":"2022-07-25T01:31:13","guid":{"rendered":"https:\/\/saint-louisnews.com\/?p=614"},"modified":"2022-07-25T01:31:13","modified_gmt":"2022-07-25T01:31:13","slug":"legislatives-2022-faly-seck-se-deploie-sur-le-terrain","status":"publish","type":"post","link":"https:\/\/saintlouisnews.sn\/?p=4775","title":{"rendered":"L\u00e9gislatives 2022: Faly SECK se d\u00e9ploie sur le terrain"},"content":{"rendered":"<p><img loading=\"lazy\" decoding=\"async\" width=\"1024\" height=\"768\" src=\"https:\/\/saintlouisnews.sn\/news\/wp-content\/uploads\/2022\/08\/legislatives-2022-faly-seck-se-deploie-sur-le-terrain.jpg\" class=\"img-responsive wp-post-image\" alt srcset=\"https:\/\/saintlouisnews.sn\/news\/wp-content\/uploads\/2022\/08\/legislatives-2022-faly-seck-se-deploie-sur-le-terrain.jpg 1024w, https:\/\/saintlouisnews.sn\/info\/wp-content\/uploads\/2022\/08\/legislatives-2022-faly-seck-se-deploie-sur-le-terrain-5.jpg 200w, https:\/\/saintlouisnews.sn\/info\/wp-content\/uploads\/2022\/08\/legislatives-2022-faly-seck-se-deploie-sur-le-terrain-6.jpg 600w, https:\/\/saintlouisnews.sn\/info\/wp-content\/uploads\/2022\/08\/legislatives-2022-faly-seck-se-deploie-sur-le-terrain-7.jpg 768w\" sizes=\"auto, (max-width: 1024px) 100vw, 1024px\"> <\/p>\n<article class=\"small single p-3\" readability=\"10.091286307054\">\n<div class=\"twp-like-dislike-button twp-like-dislike-thumb\"> <span data-id=\"614\" id=\"twp-post-like\" class=\"twp-post-like-dislike can-like\"> <img decoding=\"async\" src=\"https:\/\/saint-louisnews.com\/wp-content\/plugins\/booster-extension\/\/assets\/icon\/thumbs-up.svg\"> <\/span> <span class=\"twp-like-count\"> 0 <\/span> <span data-id=\"614\" id=\"twp-post-dislike\" class=\"twp-post-like-dislike can-dislike \"> <img decoding=\"async\" src=\"https:\/\/saint-louisnews.com\/wp-content\/plugins\/booster-extension\/\/assets\/icon\/thumbs-down.svg\"> <\/span> <span class=\"twp-dislike-count\"> 0 <\/span> <\/div>\n<div class=\"heateor_sss_sharing_container heateor_sss_horizontal_sharing\" data-heateor-sss-href=\"https:\/\/saint-louisnews.com\/legislatives-2022-faly-seck-se-deploie-sur-le-terrain\/\">\n<p>Spread the love<\/p>\n<\/div>\n<div class=\"booster-block booster-read-block\">\n<p> <i class=\"booster-icon twp-clock\"><\/i> <span>Read Time:<\/span>47 Second <\/p>\n<\/p><\/div>\n<p>La campagne \u00e9lectorale pour les \u00e9lections l\u00e9gislatives du 31 Juillet bat son plein. Dans le d\u00e9partement de Dagana, plus pr\u00e9cis\u00e9ment dans la commune de Ross-B\u00e9thio, Faly SECK, le maire non moins pr\u00e9sident du comit\u00e9 communal \u00e9lectoral sillonne les diff\u00e9rentes localit\u00e9s de sa commune. Lors d\u2019un meeting tenu \u00e0 Mboundoum, il a \u00e9tal\u00e9 les r\u00e9alisations du pr\u00e9sident Macky SALL, salu\u00e9 l\u2019unit\u00e9 not\u00e9e dans le d\u00e9partement et invit\u00e9 les populations \u00e0 voter massivement pour la coalition Bby afin de donner une majorit\u00e9 confortable au Chef de l\u2019Etat \u00e0 l\u2019assembl\u00e9e nationale. Les populations enthousiasm\u00e9es se sont engag\u00e9es \u00e0 voter pour la mouvance pr\u00e9sidentielle.<br \/>Faly SECK \u00e0 aussi avec le ministre Oumar SARR, rencontr\u00e9 les producteurs de la vall\u00e9e. Lors de cette rencontre, la politique agricole d\u00e9finie par l\u2019Etat \u00e0 \u00e9t\u00e9 vulgaris\u00e9e au grand bonheur des producteurs qui ont magnifi\u00e9 les efforts consentis par le gouvernement pour am\u00e9liorer leurs conditions promettant de rendre la pi\u00e8ce dans les urnes..<\/p>\n<figure class=\"wp-block-image size-large is-resized\"><img decoding=\"async\" loading=\"lazy\" src=\"https:\/\/saintlouisnews.sn\/info\/wp-content\/uploads\/2022\/08\/legislatives-2022-faly-seck-se-deploie-sur-le-terrain-1.jpg\" alt class=\"wp-image-615\" width=\"840\" height=\"630\" srcset=\"https:\/\/saintlouisnews.sn\/info\/wp-content\/uploads\/2022\/08\/legislatives-2022-faly-seck-se-deploie-sur-le-terrain-1.jpg 600w, https:\/\/saintlouisnews.sn\/info\/wp-content\/uploads\/2022\/08\/legislatives-2022-faly-seck-se-deploie-sur-le-terrain-8.jpg 200w, https:\/\/saintlouisnews.sn\/info\/wp-content\/uploads\/2022\/08\/legislatives-2022-faly-seck-se-deploie-sur-le-terrain-9.jpg 768w, https:\/\/saintlouisnews.sn\/news\/wp-content\/uploads\/2022\/08\/legislatives-2022-faly-seck-se-deploie-sur-le-terrain.jpg 1024w\" sizes=\"auto, (max-width: 840px) 100vw, 840px\"><\/figure>\n<figure class=\"wp-block-image size-large is-resized\"><img decoding=\"async\" loading=\"lazy\" src=\"https:\/\/saintlouisnews.sn\/info\/wp-content\/uploads\/2022\/08\/legislatives-2022-faly-seck-se-deploie-sur-le-terrain-2.jpg\" alt class=\"wp-image-617\" width=\"835\" height=\"1486\" srcset=\"https:\/\/saintlouisnews.sn\/info\/wp-content\/uploads\/2022\/08\/legislatives-2022-faly-seck-se-deploie-sur-le-terrain-2.jpg 281w, https:\/\/saintlouisnews.sn\/info\/wp-content\/uploads\/2022\/08\/legislatives-2022-faly-seck-se-deploie-sur-le-terrain-10.jpg 113w, https:\/\/saintlouisnews.sn\/info\/wp-content\/uploads\/2022\/08\/legislatives-2022-faly-seck-se-deploie-sur-le-terrain-11.jpg 567w\" sizes=\"auto, (max-width: 835px) 100vw, 835px\"><\/figure>\n<figure class=\"wp-block-image size-large is-resized\"><img decoding=\"async\" loading=\"lazy\" src=\"https:\/\/saintlouisnews.sn\/info\/wp-content\/uploads\/2022\/08\/legislatives-2022-faly-seck-se-deploie-sur-le-terrain-3.jpg\" alt class=\"wp-image-618\" width=\"843\" height=\"457\" srcset=\"https:\/\/saintlouisnews.sn\/info\/wp-content\/uploads\/2022\/08\/legislatives-2022-faly-seck-se-deploie-sur-le-terrain-3.jpg 600w, https:\/\/saintlouisnews.sn\/info\/wp-content\/uploads\/2022\/08\/legislatives-2022-faly-seck-se-deploie-sur-le-terrain-12.jpg 200w, https:\/\/saintlouisnews.sn\/info\/wp-content\/uploads\/2022\/08\/legislatives-2022-faly-seck-se-deploie-sur-le-terrain-13.jpg 720w\" sizes=\"auto, (max-width: 843px) 100vw, 843px\"><\/figure>\n<div class=\"booster-block booster-author-block\">\n<div class=\"be-author-details layout-square align-left\">\n<div class=\"be-author-wrapper\">\n<div class=\"booster-row\">\n<div class=\"booster-column booster-column-two booster-column-mobile\">\n<div class=\"be-author-image\"> <img decoding=\"async\" alt src=\"https:\/\/saintlouisnews.sn\/info\/wp-content\/uploads\/2022\/08\/legislatives-2022-faly-seck-se-deploie-sur-le-terrain-4.jpg\" class=\"avatar avatar-400 photo avatar-img\" height=\"400\" width=\"400\" loading=\"lazy\"> <\/div>\n<\/p><\/div>\n<\/p><\/div>\n<\/p><\/div>\n<\/p><\/div>\n<\/p><\/div>\n<div class=\"booster-block booster-reactions-block\">\n<div class=\"twp-reactions-icons\">\n<div class=\"twp-reacts-wrap\"> <a react-data=\"be-react-1\" post-id=\"614\" class=\"be-face-icons un-reacted\" href=\"javascript:void(0)\"> <img decoding=\"async\" src=\"https:\/\/saint-louisnews.com\/wp-content\/plugins\/booster-extension\/\/assets\/icon\/happy.svg\" alt=\"Happy\"> <\/a> <\/p>\n<p> Happy <\/p>\n<p> <span class=\"twp-react-count\">0<\/span> <span class=\"twp-react-percent\"><span>0<\/span> %<\/span> <\/p>\n<\/p><\/div>\n<div class=\"twp-reacts-wrap\"> <a react-data=\"be-react-2\" post-id=\"614\" class=\"be-face-icons un-reacted\" href=\"javascript:void(0)\"> <img decoding=\"async\" src=\"https:\/\/saint-louisnews.com\/wp-content\/plugins\/booster-extension\/\/assets\/icon\/sad.svg\" alt=\"Sad\"> <\/a> <\/p>\n<p> Sad <\/p>\n<p> <span class=\"twp-react-count\">0<\/span> <span class=\"twp-react-percent\"><span>0<\/span> %<\/span> <\/p>\n<\/p><\/div>\n<div class=\"twp-reacts-wrap\"> <a react-data=\"be-react-3\" post-id=\"614\" class=\"be-face-icons un-reacted\" href=\"javascript:void(0)\"> <img decoding=\"async\" src=\"https:\/\/saint-louisnews.com\/wp-content\/plugins\/booster-extension\/\/assets\/icon\/excited.svg\" alt=\"Excited\"> <\/a> <\/p>\n<p> Excited <\/p>\n<p> <span class=\"twp-react-count\">0<\/span> <span class=\"twp-react-percent\"><span>0<\/span> %<\/span> <\/p>\n<\/p><\/div>\n<div class=\"twp-reacts-wrap\"> <a react-data=\"be-react-6\" post-id=\"614\" class=\"be-face-icons un-reacted\" href=\"javascript:void(0)\"> <img decoding=\"async\" src=\"https:\/\/saint-louisnews.com\/wp-content\/plugins\/booster-extension\/\/assets\/icon\/sleepy.svg\" alt=\"Sleepy\"> <\/a> <\/p>\n<p> Sleepy <\/p>\n<p> <span class=\"twp-react-count\">0<\/span> <span class=\"twp-react-percent\"><span>0<\/span> %<\/span> <\/p>\n<\/p><\/div>\n<div class=\"twp-reacts-wrap\"> <a react-data=\"be-react-4\" post-id=\"614\" class=\"be-face-icons un-reacted\" href=\"javascript:void(0)\"> <img decoding=\"async\" src=\"https:\/\/saint-louisnews.com\/wp-content\/plugins\/booster-extension\/\/assets\/icon\/angry.svg\" alt=\"Angry\"> <\/a> <\/p>\n<p>Angry<\/p>\n<p> <span class=\"twp-react-count\">0<\/span> <span class=\"twp-react-percent\"><span>0<\/span> %<\/span> <\/p>\n<\/p><\/div>\n<div class=\"twp-reacts-wrap\"> <a react-data=\"be-react-5\" post-id=\"614\" class=\"be-face-icons un-reacted\" href=\"javascript:void(0)\"> <img decoding=\"async\" src=\"https:\/\/saint-louisnews.com\/wp-content\/plugins\/booster-extension\/\/assets\/icon\/surprise.svg\" alt=\"Surprise\"> <\/a> <\/p>\n<p>Surprise<\/p>\n<p> <span class=\"twp-react-count\">0<\/span> <span class=\"twp-react-percent\"><span>0<\/span> %<\/span> <\/p>\n<\/p><\/div>\n<\/p><\/div>\n<\/p><\/div>\n<nav class=\"navigation post-navigation\" aria-label=\"Publications\">\n<h2 class=\"screen-reader-text\">Navigation de l\u2019article<\/h2>\n<\/nav>\n<\/article>\n","protected":false},"excerpt":{"rendered":"<p>0 0 Spread the love Read Time:47 Second La campagne \u00e9lectorale pour les \u00e9lections l\u00e9gislatives du 31 Juillet bat son plein. Dans le d\u00e9partement de Dagana, plus pr\u00e9cis\u00e9ment dans la commune de Ross-B\u00e9thio, Faly SECK, le maire non moins pr\u00e9sident du comit\u00e9 communal \u00e9lectoral sillonne les diff\u00e9rentes localit\u00e9s de sa commune. Lors d\u2019un meeting tenu &hellip;<\/p>\n","protected":false},"author":1,"featured_media":15,"comment_status":"open","ping_status":"closed","sticky":false,"template":"","format":"standard","meta":{"footnotes":""},"categories":[228,229],"tags":[237],"class_list":["post-4775","post","type-post","status-publish","format-standard","has-post-thumbnail","hentry","category-politique","category-saint-louis","tag-politique"],"_links":{"self":[{"href":"https:\/\/saintlouisnews.sn\/index.php?rest_route=\/wp\/v2\/posts\/4775","targetHints":{"allow":["GET"]}}],"collection":[{"href":"https:\/\/saintlouisnews.sn\/index.php?rest_route=\/wp\/v2\/posts"}],"about":[{"href":"https:\/\/saintlouisnews.sn\/index.php?rest_route=\/wp\/v2\/types\/post"}],"author":[{"embeddable":true,"href":"https:\/\/saintlouisnews.sn\/index.php?rest_route=\/wp\/v2\/users\/1"}],"replies":[{"embeddable":true,"href":"https:\/\/saintlouisnews.sn\/index.php?rest_route=%2Fwp%2Fv2%2Fcomments&post=4775"}],"version-history":[{"count":0,"href":"https:\/\/saintlouisnews.sn\/index.php?rest_route=\/wp\/v2\/posts\/4775\/revisions"}],"wp:featuredmedia":[{"embeddable":true,"href":"https:\/\/saintlouisnews.sn\/index.php?rest_route=\/wp\/v2\/media\/15"}],"wp:attachment":[{"href":"https:\/\/saintlouisnews.sn\/index.php?rest_route=%2Fwp%2Fv2%2Fmedia&parent=4775"}],"wp:term":[{"taxonomy":"category","embeddable":true,"href":"https:\/\/saintlouisnews.sn\/index.php?rest_route=%2Fwp%2Fv2%2Fcategories&post=4775"},{"taxonomy":"post_tag","embeddable":true,"href":"https:\/\/saintlouisnews.sn\/index.php?rest_route=%2Fwp%2Fv2%2Ftags&post=4775"}],"curies":[{"name":"wp","href":"https:\/\/api.w.org\/{rel}","templated":true}]}}