{"id":4777,"date":"2022-08-07T18:11:16","date_gmt":"2022-08-07T18:11:16","guid":{"rendered":"https:\/\/wiwsport.com\/?p=220095"},"modified":"2022-08-07T18:11:16","modified_gmt":"2022-08-07T18:11:16","slug":"ligue-1-bamba-dieng-absent-de-la-feuille-de-match-de-lom-face-a-reims","status":"publish","type":"post","link":"https:\/\/saintlouisnews.sn\/?p=4777","title":{"rendered":"Ligue 1 : Bamba Dieng absent de la feuille de match de l\u2019OM face \u00e0 Reims"},"content":{"rendered":"<div><img decoding=\"async\" src=\"https:\/\/saintlouisnews.sn\/news\/wp-content\/uploads\/2022\/08\/ligue-1-bamba-dieng-absent-de-la-feuille-de-match-de-lom-face-a-reims.jpg\" class=\"ff-og-image-inserted\"><\/div>\n<div class=\"intro-text\" readability=\"34\">\n<p>Pouss\u00e9 vers la sortie par son entra\u00eeneur, Bamba Dieng n\u2019appara\u00eetra pas lors du premier match de Championnat de l\u2019OM dimanche face au Stade de Reims (18h46 GMT).<\/p>\n<\/div>\n<p><span data-offset-key=\"5tiap-0-0\">La situation ne s\u2019arrange absolument pas pour Cheikh Ahmadou Bamba Dieng. L\u2019attaquant de 22 ans vivra le premier match de la saison de son \u00e9quipe depuis les tribunes. Alors que l\u2019Olympique de Marseille accueille le Stade de Reims ce dimanche soir, Igor Tudor a \u00e9cart\u00e9 le S\u00e9n\u00e9galai<\/span><span data-offset-key=\"5tiap-0-1\">s de 22 ans de la feuille de match.<\/span><\/p>\n<p><span data-offset-key=\"5tiap-0-0\">Il \u00e9tait pourtant bien pr\u00e9sent dans le groupe mais au final, il ne jouera pas la rencontre. Tudor pr\u00e9f\u00e8re aligner une attaque avec Cengiz Under et Arkadiusz Milik, alors que des joueurs comme Dimitri Payet, Luis Su\u00e1rez ou encore C\u00e9dric Bakambu sont sur le banc. Pas rassurant \u00e0 l\u2019<\/span><span data-offset-key=\"5tiap-0-1\">OM pour le Champion d\u2019Afrique.<\/span><\/p>\n<p>A noter que l\u2019autre Champion d\u2019Afrique, Pape Alassane Gueye, est absent pour suspension.<\/p>\n<blockquote class=\"twitter-tweet\" data-width=\"500\" data-dnt=\"true\" readability=\"6.0538116591928\">\n<p lang=\"fr\" dir=\"ltr\">Le XI Olympien pour la premi\u00e8re de cette saison en <a href=\"https:\/\/twitter.com\/Ligue1UberEats?ref_src=twsrc%5Etfw\" target=\"_blank\" rel=\"noopener\">@Ligue1UberEats<\/a> \u2694\ufe0f\ud83d\udd25<br \/>Premi\u00e8re titularisation pour <a href=\"https:\/\/twitter.com\/NunoTavares?ref_src=twsrc%5Etfw\" target=\"_blank\" rel=\"noopener\">@NunoTavares<\/a> \ud83c\uddf5\ud83c\uddf9\ud83d\udcaa<a href=\"https:\/\/twitter.com\/hashtag\/OMSDR?src=hash&amp;ref_src=twsrc%5Etfw\" target=\"_blank\" rel=\"noopener\">#OMSDR<\/a> <a href=\"https:\/\/t.co\/hA8r20EXlE\" target=\"_blank\" rel=\"noopener\">pic.twitter.com\/hA8r20EXlE<\/a><\/p>\n<p>\u2014 Olympique de Marseille (@OM_Officiel) <a href=\"https:\/\/twitter.com\/OM_Officiel\/status\/1556338090733670402?ref_src=twsrc%5Etfw\" target=\"_blank\" rel=\"noopener\">August 7, 2022<\/a><\/p>\n<\/blockquote>\n<p><strong>wiwsport.com<\/strong><\/p>\n","protected":false},"excerpt":{"rendered":"<p>Pouss\u00e9 vers la sortie par son entra\u00eeneur, Bamba Dieng n\u2019appara\u00eetra pas lors du premier match de Championnat de l\u2019OM dimanche face au Stade de Reims (18h46 GMT). La situation ne s\u2019arrange absolument pas pour Cheikh Ahmadou Bamba Dieng. L\u2019attaquant de 22 ans vivra le premier match de la saison de son \u00e9quipe depuis les tribunes. &hellip;<\/p>\n","protected":false},"author":1,"featured_media":4683,"comment_status":"open","ping_status":"closed","sticky":false,"template":"","format":"standard","meta":{"footnotes":""},"categories":[1],"tags":[],"class_list":["post-4777","post","type-post","status-publish","format-standard","has-post-thumbnail","hentry","category-uncategorized"],"_links":{"self":[{"href":"https:\/\/saintlouisnews.sn\/index.php?rest_route=\/wp\/v2\/posts\/4777","targetHints":{"allow":["GET"]}}],"collection":[{"href":"https:\/\/saintlouisnews.sn\/index.php?rest_route=\/wp\/v2\/posts"}],"about":[{"href":"https:\/\/saintlouisnews.sn\/index.php?rest_route=\/wp\/v2\/types\/post"}],"author":[{"embeddable":true,"href":"https:\/\/saintlouisnews.sn\/index.php?rest_route=\/wp\/v2\/users\/1"}],"replies":[{"embeddable":true,"href":"https:\/\/saintlouisnews.sn\/index.php?rest_route=%2Fwp%2Fv2%2Fcomments&post=4777"}],"version-history":[{"count":0,"href":"https:\/\/saintlouisnews.sn\/index.php?rest_route=\/wp\/v2\/posts\/4777\/revisions"}],"wp:featuredmedia":[{"embeddable":true,"href":"https:\/\/saintlouisnews.sn\/index.php?rest_route=\/wp\/v2\/media\/4683"}],"wp:attachment":[{"href":"https:\/\/saintlouisnews.sn\/index.php?rest_route=%2Fwp%2Fv2%2Fmedia&parent=4777"}],"wp:term":[{"taxonomy":"category","embeddable":true,"href":"https:\/\/saintlouisnews.sn\/index.php?rest_route=%2Fwp%2Fv2%2Fcategories&post=4777"},{"taxonomy":"post_tag","embeddable":true,"href":"https:\/\/saintlouisnews.sn\/index.php?rest_route=%2Fwp%2Fv2%2Ftags&post=4777"}],"curies":[{"name":"wp","href":"https:\/\/api.w.org\/{rel}","templated":true}]}}