{"id":4792,"date":"2022-10-30T00:36:27","date_gmt":"2022-10-30T00:36:27","guid":{"rendered":"https:\/\/saintlouisnews.sn\/?p=1257"},"modified":"2022-10-30T00:36:27","modified_gmt":"2022-10-30T00:36:27","slug":"politique-candidature-de-macky-en-2024-oumar-sarr-appelle-a-respecter-la-decision-du-conseil-constitutionnel","status":"publish","type":"post","link":"https:\/\/saintlouisnews.sn\/?p=4792","title":{"rendered":"Politique : Candidature de Macky en 2024:  Oumar Sarr appelle \u00e0 respecter la d\u00e9cision du Conseil constitutionnel"},"content":{"rendered":"<p>Politique : Candidature de Macky en 2024:<br \/>\nOumar Sarr appelle \u00e0 respecter la d\u00e9cision du Conseil constitutionnel<\/p>\n<p>Le leader du Parti des lib\u00e9raux et d\u00e9mocrates (Pld), Oumar Sarr, a appel\u00e9 les S\u00e9n\u00e9galais \u00e0 respecter les institutions, notamment le Conseil constitutionnel, seul habilit\u00e9 \u00e0 valider ou invalider une candidature.<\/p>\n<p>\u00ab Nous devons appeler au respect des institutions rappelant que la validation et l\u2019invalidation d\u2019une candidature \u00e0 l\u2019\u00e9lection pr\u00e9sidentielle est du ressort exclusif du Conseil constitutionnel \u00bb, a-t-il lanc\u00e9, dans une d\u00e9claration faite, ce samedi. L\u2019actuel ministre des Mines pense, en effet, que \u00ab tous les acteurs doivent respecter ces principes r\u00e9publicains \u00bb.<\/p>\n<p>Pour ces \u00e9ch\u00e9ances de 2024, le maire de Dagana a appel\u00e9 ses militants au \u00ab rassemblement le plus vaste possible \u00bb pour dit-il, \u00ab une candidature unique des forces d\u2019\u00e9mergence pouvant garantir la poursuite des transformations positives en cours dans notre pays \u00bb.<\/p>\n<p>\u00ab Notre priorit\u00e9 doit \u00eatre la pr\u00e9servation de la paix et de l\u2019unit\u00e9 de notre pays pour faire face aux nombreux d\u00e9fis et d\u2019emp\u00eacher que le S\u00e9n\u00e9gal tombe entre les mains de forces obscures comme c\u2019est le cas ailleurs \u00bb, a-t-il fait comprendre.<\/p>\n<p>Oumar SARR plaide pour l&rsquo;apaisement du climat politique<\/p>\n<p>Le leader du PLD a, par ailleurs, appel\u00e9 \u00e0 soutenir l\u2019initiative r\u00e9cente du pr\u00e9sident de la R\u00e9publique, Macky Sall, de prendre en charge des pr\u00e9occupations des populations et \u00ab l\u2019application diligente des consensus du dialogue politique, notamment ceux relatifs \u00e0 l\u2019apaisement du climat politique et \u00e0 la restauration du droit de vote de certains leaders comme Khalifa Sall et Karim Wade \u00bb.<\/p>\n<p>Confirmant son ancrage dans la majorit\u00e9 pr\u00e9sidentielle, M. Sarr a, tout de m\u00eame, r\u00e9clam\u00e9 \u00ab un meilleur fonctionnement de la coalition Bby, une concertation permanente entre partis alli\u00e9s et une prise en compte convenable de notre parti dans la r\u00e9partition des responsabilit\u00e9s \u00bb<\/p>\n","protected":false},"excerpt":{"rendered":"<p>Politique : Candidature de Macky en 2024: Oumar Sarr appelle \u00e0 respecter la d\u00e9cision du Conseil constitutionnel Le leader du Parti des lib\u00e9raux et d\u00e9mocrates (Pld), Oumar Sarr, a appel\u00e9 les S\u00e9n\u00e9galais \u00e0 respecter les institutions, notamment le Conseil constitutionnel, seul habilit\u00e9 \u00e0 valider ou invalider une candidature. \u00ab Nous devons appeler au respect des &hellip;<\/p>\n","protected":false},"author":1,"featured_media":4727,"comment_status":"open","ping_status":"open","sticky":false,"template":"","format":"standard","meta":{"footnotes":""},"categories":[228],"tags":[],"class_list":["post-4792","post","type-post","status-publish","format-standard","has-post-thumbnail","hentry","category-politique"],"_links":{"self":[{"href":"https:\/\/saintlouisnews.sn\/index.php?rest_route=\/wp\/v2\/posts\/4792","targetHints":{"allow":["GET"]}}],"collection":[{"href":"https:\/\/saintlouisnews.sn\/index.php?rest_route=\/wp\/v2\/posts"}],"about":[{"href":"https:\/\/saintlouisnews.sn\/index.php?rest_route=\/wp\/v2\/types\/post"}],"author":[{"embeddable":true,"href":"https:\/\/saintlouisnews.sn\/index.php?rest_route=\/wp\/v2\/users\/1"}],"replies":[{"embeddable":true,"href":"https:\/\/saintlouisnews.sn\/index.php?rest_route=%2Fwp%2Fv2%2Fcomments&post=4792"}],"version-history":[{"count":0,"href":"https:\/\/saintlouisnews.sn\/index.php?rest_route=\/wp\/v2\/posts\/4792\/revisions"}],"wp:featuredmedia":[{"embeddable":true,"href":"https:\/\/saintlouisnews.sn\/index.php?rest_route=\/wp\/v2\/media\/4727"}],"wp:attachment":[{"href":"https:\/\/saintlouisnews.sn\/index.php?rest_route=%2Fwp%2Fv2%2Fmedia&parent=4792"}],"wp:term":[{"taxonomy":"category","embeddable":true,"href":"https:\/\/saintlouisnews.sn\/index.php?rest_route=%2Fwp%2Fv2%2Fcategories&post=4792"},{"taxonomy":"post_tag","embeddable":true,"href":"https:\/\/saintlouisnews.sn\/index.php?rest_route=%2Fwp%2Fv2%2Ftags&post=4792"}],"curies":[{"name":"wp","href":"https:\/\/api.w.org\/{rel}","templated":true}]}}