{"id":4922,"date":"2024-07-02T00:56:30","date_gmt":"2024-07-02T00:56:30","guid":{"rendered":"https:\/\/saintlouisnews.sn\/?p=4922"},"modified":"2024-07-04T18:30:41","modified_gmt":"2024-07-04T18:30:41","slug":"34eme-edition-de-la-jea-liesps-invite-au-renforcement-de-leducation-des-enfants","status":"publish","type":"post","link":"https:\/\/saintlouisnews.sn\/?p=4922","title":{"rendered":"34\u00e8me EDITION DE LA JEA\u00a0: L\u2019IESPS invite au renforcement de l\u2019\u00e9ducation des enfants"},"content":{"rendered":"\n<p><strong><em>34<sup>\u00e8me<\/sup> EDITION DE LA JEA&nbsp;: L\u2019IESPS invite au renforcement de l\u2019\u00e9ducation des enfants<\/em><\/strong><\/p>\n\n\n\n<p><strong><em>Renvoy\u00e9 au 27 juin 2024 puis d\u00e9cal\u00e9e de trois (03) Jours sur la proposition de la ligue r\u00e9gionale des randonneurs de Saint-Louis,<strong><em> La randonn\u00e9e p\u00e9destre programm\u00e9 par <\/em><\/strong>l\u2019IESPS de Saint-Louis <strong><em>en guise de mobilisation sociale comm\u00e9morative<\/em><\/strong> de la journ\u00e9e de l\u2019Enfant Africain 2024, s\u2019est tenue ce dimanche 30 juin 2024 \u00e0 travers les art\u00e8res du Faubourg de Sor.<\/em><\/strong><\/p>\n\n\n\n<p>Suivant les orientations de la Direction de la protection judiciaire et sociale (DPJS), l\u2019Inspection de l\u2019Education surveill\u00e9e et de la protection sociale (IESPS) du ressort de la cour d\u2019Appel de Saint-Louis et ses services ext\u00e9rieurs de Louga, Matam et Saint-Louis, en collaboration avec le Comit\u00e9 d\u00e9partemental de Protection de l\u2019Enfance (CDPE), ont organis\u00e9 une randonn\u00e9e p\u00e9destre le Dimanche 30 juin 2024 \u00e0 partir de 8h 30 minutes suivant un arr\u00eat\u00e9 de Pr\u00e9fet.<\/p>\n\n\n\n<p>Sous le Th\u00e8me de \u00ab&nbsp;L\u2019\u00e9ducation pour tous, l\u2019heure est venue&nbsp;\u00bb \u00bb, adopt\u00e9 par le Comit\u00e9 africain d&rsquo;Experts sur les Droits et le Bien-\u00eatre de l&rsquo;Enfant (CAEDBE) de l\u2019Union africaine (UA), les pensionnaires des services de la DPJS de Saint-Louis et les Enfants des \u00e9tablissements de protection membres du CDPE de Saint-Louis, ont \u00e9t\u00e9 rassembl\u00e9s et habill\u00e9s pour comm\u00e9morer le massacre des Enfants de Soweto du 16 juin 1976. Un th\u00e8me conforme \u00e0 celui de l&rsquo;Union africaine (UA) pour l&rsquo;ann\u00e9e 2024 qu\u2019est&nbsp;: \u00ab&nbsp;\u00c9duquer une Afrique adapt\u00e9e au 21e si\u00e8cle : Construire des syst\u00e8mes \u00e9ducatifs r\u00e9silients pour un acc\u00e8s accru \u00e0 un apprentissage de qualit\u00e9, inclusif et pertinent tout au long de la vie en Afrique.&nbsp;\u00bb L\u2019ann\u00e9e 2024 \u00e9tant par l\u2019UA \u00e0 l\u2019\u00e9ducation afin d\u2019intensifier les efforts et d&rsquo;assurer une \u00e9ducation pour tous en Afrique. \u00ab&nbsp;Nous avons men\u00e9 un certain nombre d\u2019activit\u00e9s durant une semaine. Aujourd\u2019hui, nous avons organis\u00e9 cette randonn\u00e9e p\u00e9destre pour sensibiliser les populations \u00e0 prendre leurs responsabilit\u00e9s&nbsp;; \u00e0 informer les enfants et surtout les conscientiser sur les m\u00e9faits de la soci\u00e9t\u00e9. L\u2019occasion a \u00e9t\u00e9 aussi saisie pour l\u2019inscription des enfants des enfants et leur maintien \u00e0 l\u2019\u00e9cole&nbsp;\u00bb, a d\u00e9clar\u00e9 Amadou Lamine SOW. L\u2019IESPS de Saint-Louis estime que les parents aussi \u00ab&nbsp;sont appel\u00e9s \u00e0 assurer l\u2019\u00e9ducation de leurs prog\u00e9nitures au sein de la famille&nbsp;\u00bb. Pour lui, tout doit mis sur orbite. \u00ab&nbsp;Nous avons d\u00e9livr\u00e9 des messages qui ont tourn\u00e9 autour de la diversit\u00e9 des offres \u00e9ducatives et de prise en charge qui, d\u00e9sormais, ne doivent plus laisser en rade aucun enfant des localit\u00e9s polaris\u00e9es&nbsp;\u00bb, a pr\u00e9conis\u00e9 M. SOW.<\/p>\n\n\n\n<p>Le d\u00e9part&nbsp;a \u00e9t\u00e9 pris au terrain quartier de Ndiolof\u00e8ne, avec l\u2019encadrement de la police et des sapeurs-pompiers, les randonneurs du jour ont march\u00e9 en direction de MARMIYAL avant de traverser la RUE DE PARIS et le quartier DIAMAGUENE (Angle Panier) pour prendre l\u2019AVENUE RAWANE NGOM vers COUMBA DIENG et termin\u00e9 leur p\u00e9riple devant CIPA Ndiolof\u00e8ne qui abrite actuellement le CPA de Saint-Louis. Les randonneurs et leurs encadreurs ont d\u00e9livr\u00e9 des messages tout au long de l\u2019itin\u00e9raire.<\/p>\n","protected":false},"excerpt":{"rendered":"<p>34\u00e8me EDITION DE LA JEA&nbsp;: L\u2019IESPS invite au renforcement de l\u2019\u00e9ducation des enfants Renvoy\u00e9 au 27 juin 2024 puis d\u00e9cal\u00e9e de trois (03) Jours sur la proposition de la ligue r\u00e9gionale des randonneurs de Saint-Louis, La randonn\u00e9e p\u00e9destre programm\u00e9 par l\u2019IESPS de Saint-Louis en guise de mobilisation sociale comm\u00e9morative de la journ\u00e9e de l\u2019Enfant Africain &hellip;<\/p>\n","protected":false},"author":1,"featured_media":4920,"comment_status":"open","ping_status":"open","sticky":false,"template":"","format":"standard","meta":{"footnotes":""},"categories":[218,231],"tags":[],"class_list":["post-4922","post","type-post","status-publish","format-standard","has-post-thumbnail","hentry","category-a-laune","category-societe"],"_links":{"self":[{"href":"https:\/\/saintlouisnews.sn\/index.php?rest_route=\/wp\/v2\/posts\/4922","targetHints":{"allow":["GET"]}}],"collection":[{"href":"https:\/\/saintlouisnews.sn\/index.php?rest_route=\/wp\/v2\/posts"}],"about":[{"href":"https:\/\/saintlouisnews.sn\/index.php?rest_route=\/wp\/v2\/types\/post"}],"author":[{"embeddable":true,"href":"https:\/\/saintlouisnews.sn\/index.php?rest_route=\/wp\/v2\/users\/1"}],"replies":[{"embeddable":true,"href":"https:\/\/saintlouisnews.sn\/index.php?rest_route=%2Fwp%2Fv2%2Fcomments&post=4922"}],"version-history":[{"count":1,"href":"https:\/\/saintlouisnews.sn\/index.php?rest_route=\/wp\/v2\/posts\/4922\/revisions"}],"predecessor-version":[{"id":4923,"href":"https:\/\/saintlouisnews.sn\/index.php?rest_route=\/wp\/v2\/posts\/4922\/revisions\/4923"}],"wp:featuredmedia":[{"embeddable":true,"href":"https:\/\/saintlouisnews.sn\/index.php?rest_route=\/wp\/v2\/media\/4920"}],"wp:attachment":[{"href":"https:\/\/saintlouisnews.sn\/index.php?rest_route=%2Fwp%2Fv2%2Fmedia&parent=4922"}],"wp:term":[{"taxonomy":"category","embeddable":true,"href":"https:\/\/saintlouisnews.sn\/index.php?rest_route=%2Fwp%2Fv2%2Fcategories&post=4922"},{"taxonomy":"post_tag","embeddable":true,"href":"https:\/\/saintlouisnews.sn\/index.php?rest_route=%2Fwp%2Fv2%2Ftags&post=4922"}],"curies":[{"name":"wp","href":"https:\/\/api.w.org\/{rel}","templated":true}]}}