{"id":4951,"date":"2024-07-14T23:09:38","date_gmt":"2024-07-14T23:09:38","guid":{"rendered":"https:\/\/saintlouisnews.sn\/?p=4951"},"modified":"2024-07-14T23:25:42","modified_gmt":"2024-07-14T23:25:42","slug":"diomaye-face-aux-journalistes-nous-avons-vu-un-president-tres-serein-qui-maitrise-les-enjeux-et-qui-a-une-vision-claire-dixit-diarra-sow","status":"publish","type":"post","link":"https:\/\/saintlouisnews.sn\/?p=4951","title":{"rendered":"Diomaye face aux journalistes\u00a0: \u00ab\u00a0Nous avons vu un Pr\u00e9sident tr\u00e8s serein qui ma\u00eetrise les enjeux, et qui a une vision claire \u2026\u00a0\u00bb, dixit Diarra SOW"},"content":{"rendered":"\n<p>Le Pr\u00e9sident de la R\u00e9publique son Excellence Bassirou Diomaye Diakhar FAYE a, apr\u00e8s 100 jours \u00e0 la t\u00eate du pays, fait face aux journalistes. Cet entretien a \u00e9t\u00e9 minutieusement suivi par Mme Diarra SOW responsable de PASTEF et Directrice g\u00e9n\u00e9rale de l&rsquo;OLAC. \u00ab Nous sommes plus que satisfaits et rassur\u00e9s de la sortie du Pr\u00e9sident\u00a0Bassirou Diomaye\u00a0 Diakhar\u00a0FAYE qui\u00a0 apr\u00e8s trois mois au pouvoir, a fait l&rsquo;honneur \u00e0 la presse nationale, qu&rsquo;il a accord\u00e9 son premier entretien. Nous magnifions ce geste \u00bb, a d\u00e9clar\u00e9 Diarra SOW. Selon elle, ce face \u00e0 face a permis au Chef de l&rsquo;Etat de revenir sur les d\u00e9cisions majeures prises par son gouvernement.  \u00ab Celles-ci tournent autour de la diminution des prix des denr\u00e9es de premi\u00e8re n\u00e9cessit\u00e9, des assises de la justice, de la ren\u00e9gociation des contrats sur les ressources naturelles, de la transparence sur\u00a0le foncier\u00a0pour un partage plus \u00e9quitable entre autres d\u00e9cisions \u00bb, a signal\u00e9 la responsable de PASTEF de Diamagu\u00e8ne. A l&rsquo;en croire, le renouveau syst\u00e9mique dans la gestion des affaires publiques, oblige un changement de paradigme et de nouvelles orientations prioritaires capables d&rsquo;assurer une bonne gouvernance.\u00a0D&rsquo;apr\u00e8s elle, le pr\u00e9sident Bassirou Diomaye Diakhar FAYE est aussi revenu sur sa relation avec le premier ministre Ousmane SONKO. \u00ab Je salue cette marque de loyaut\u00e9 du Pr\u00e9sident Bassirou Diomaye qui d\u00e9clare avoir le meilleur premier ministre de l&rsquo;histoire politique du S\u00e9n\u00e9gal. Nous avons vu un Pr\u00e9sident tr\u00e8s serein qui ma\u00eetrise les enjeux, et qui a une vision claire pour assurer un changement syst\u00e9matique dans les secteurs cl\u00e9s de d\u00e9veloppement \u00e9conomiques de notre pays\u00a0\u00bb, a-t-elle laiss\u00e9 entendre.<\/p>\n","protected":false},"excerpt":{"rendered":"<p>Le Pr\u00e9sident de la R\u00e9publique son Excellence Bassirou Diomaye Diakhar FAYE a, apr\u00e8s 100 jours \u00e0 la t\u00eate du pays, fait face aux journalistes. Cet entretien a \u00e9t\u00e9 minutieusement suivi par Mme Diarra SOW responsable de PASTEF et Directrice g\u00e9n\u00e9rale de l&rsquo;OLAC. \u00ab Nous sommes plus que satisfaits et rassur\u00e9s de la sortie du Pr\u00e9sident\u00a0Bassirou &hellip;<\/p>\n","protected":false},"author":1,"featured_media":4188,"comment_status":"open","ping_status":"open","sticky":false,"template":"","format":"standard","meta":{"footnotes":""},"categories":[218,228],"tags":[],"class_list":["post-4951","post","type-post","status-publish","format-standard","has-post-thumbnail","hentry","category-a-laune","category-politique"],"_links":{"self":[{"href":"https:\/\/saintlouisnews.sn\/index.php?rest_route=\/wp\/v2\/posts\/4951","targetHints":{"allow":["GET"]}}],"collection":[{"href":"https:\/\/saintlouisnews.sn\/index.php?rest_route=\/wp\/v2\/posts"}],"about":[{"href":"https:\/\/saintlouisnews.sn\/index.php?rest_route=\/wp\/v2\/types\/post"}],"author":[{"embeddable":true,"href":"https:\/\/saintlouisnews.sn\/index.php?rest_route=\/wp\/v2\/users\/1"}],"replies":[{"embeddable":true,"href":"https:\/\/saintlouisnews.sn\/index.php?rest_route=%2Fwp%2Fv2%2Fcomments&post=4951"}],"version-history":[{"count":2,"href":"https:\/\/saintlouisnews.sn\/index.php?rest_route=\/wp\/v2\/posts\/4951\/revisions"}],"predecessor-version":[{"id":4954,"href":"https:\/\/saintlouisnews.sn\/index.php?rest_route=\/wp\/v2\/posts\/4951\/revisions\/4954"}],"wp:featuredmedia":[{"embeddable":true,"href":"https:\/\/saintlouisnews.sn\/index.php?rest_route=\/wp\/v2\/media\/4188"}],"wp:attachment":[{"href":"https:\/\/saintlouisnews.sn\/index.php?rest_route=%2Fwp%2Fv2%2Fmedia&parent=4951"}],"wp:term":[{"taxonomy":"category","embeddable":true,"href":"https:\/\/saintlouisnews.sn\/index.php?rest_route=%2Fwp%2Fv2%2Fcategories&post=4951"},{"taxonomy":"post_tag","embeddable":true,"href":"https:\/\/saintlouisnews.sn\/index.php?rest_route=%2Fwp%2Fv2%2Ftags&post=4951"}],"curies":[{"name":"wp","href":"https:\/\/api.w.org\/{rel}","templated":true}]}}