{"id":4968,"date":"2024-07-28T19:31:21","date_gmt":"2024-07-28T19:31:21","guid":{"rendered":"https:\/\/saintlouisnews.sn\/?p=4968"},"modified":"2024-07-29T08:52:59","modified_gmt":"2024-07-29T08:52:59","slug":"abib-ndiaye-du-senegal-elu-nouveau-vice-president-de-la-fits-pour-lafrique","status":"publish","type":"post","link":"https:\/\/saintlouisnews.sn\/?p=4968","title":{"rendered":"ABIB NDIAYE (S\u00c9N\u00c9GAL), \u00c9LU NOUVEAU VICE-PR\u00c9SIDENT DE LA FITS POUR L\u2019AFRIQUE"},"content":{"rendered":"\n<p><strong><em>FITS\/Afrique\u00a0: Abib NDIAYE (S\u00e9n\u00e9gal), \u00e9lu nouveau vice-pr\u00e9sident<\/em><\/strong><\/p>\n\n\n\n<p><strong>\u00ab&nbsp;<em>Ensemble, nous travaillerons \u00e0 la r\u00e9alisation de nos objectifs communs et \u00e0 l\u2019avancement de la profession de travailleur social dans notre r\u00e9gion<\/em>&nbsp;\u00bb<\/strong><\/p>\n\n\n\n<p><strong><em>La r\u00e9gion Afrique de la F\u00e9d\u00e9ration internationale des Travailleurs sociaux (FITS) a un nouveau membre. Il s\u2019agit de l\u2019\u00e9lection du s\u00e9n\u00e9galais Abib NDIAYE, au poste de vice-pr\u00e9sident. Son \u00e9lection marque ainsi un ajout important au Conseil d\u2019Administration en tant que repr\u00e9sentant francophone. Il renforce la diversit\u00e9 et l\u2019inclusivit\u00e9 au sein de l\u2019\u00e9quipe dirigeante compos\u00e9e de 14 membres \u00e0 travers le monde<\/em><\/strong>.<\/p>\n\n\n\n<p>Abib NDIAYE est sorti de l\u2019Ecole nationale du D\u00e9veloppement sanitaire et Social (ENDSS) comme major de sa promotion. Il est Assistant social, un professionnel du travail social et psychologue depuis pr\u00e8s de 20 ans. Il a d\u2019ailleurs une grande exp\u00e9rience dans diff\u00e9rentes sph\u00e8res professionnelles. Il a sillonn\u00e9 le terrain qu\u2019il connait tr\u00e8s bien, et a travaill\u00e9 avec des populations diverses. Titulaire d\u2019un master en \u00ab\u00a0Interrelations entre population, d\u00e9veloppement et sant\u00e9 reproductive\u00a0\u00bb, il dirige depuis 2018 le bureau \u00ab\u00a0Gestion de la Connaissance et Capitalisation\u00a0\u00bb au Minist\u00e8re de la Sant\u00e9 et de l\u2019Action sociale (Msas), en plus de fournir des services de sant\u00e9 mentale et de soutien psychosocial. Chercheur, il a men\u00e9 plusieurs recherches et encadr\u00e9 plusieurs \u00e9tudiants. Son \u00e9lection, selon certains travailleurs sociaux \u00ab\u00a0est judicieux, c\u2019est le meilleur profil d&rsquo;un engagement \u00e0 la cause du travailleur social\u00a0\u00bb.<\/p>\n\n\n\n<p>Celle n\u2019est pas pass\u00e9 inaper\u00e7ue. Oluwatoni ADELEKE, pr\u00e9sidente r\u00e9gionale de la FITS pour l\u2019Afrique, a accueilli l\u2019\u00e9lection de M. NDIAYE avec enthousiasme : \u00ab&nbsp;<em>Nous sommes ravis qu\u2019Abib Ndiaye rejoigne notre \u00e9quipe de direction. Son exp\u00e9rience et sa perspective en tant que repr\u00e9sentant francophone enrichiront sans aucun doute nos efforts et renforceront notre mission \u00e0 travers le continent. Nous nous r\u00e9jouissons de travailler en \u00e9troite collaboration avec lui pour faire progresser le travail social en Afrique<\/em>&nbsp;\u00bb.<\/p>\n\n\n\n<p>Le nouveau vice-pr\u00e9sident a exprim\u00e9 sa gratitude et son engagement : \u201c<em>Je suis honor\u00e9 d\u2019avoir \u00e9t\u00e9 \u00e9lu vice-pr\u00e9sident de la FITS Afrique. Je remercie tous les membres pour leur confiance et leur soutien. Ensemble, nous travaillerons \u00e0 la r\u00e9alisation de nos objectifs communs et \u00e0 l\u2019avancement de la profession de travailleur social dans notre r\u00e9gion<\/em>\u201c.<\/p>\n\n\n\n<p>Sous l\u2019autorit\u00e9 du pr\u00e9sident r\u00e9gional, Abib NDIAYE vise \u00e0 repr\u00e9senter la FITS Afrique pour assurer l\u2019influence du travail social dans les pays membres. \u00ab&nbsp;Je m\u2019efforce de promouvoir les valeurs, les missions et les objectifs de la FITS \u00e0 travers une communication inclusive et un plaidoyer \u00e0 tous les niveaux, tout en garantissant le respect de l\u2019\u00e9thique, de la diversit\u00e9 et du travail d\u2019\u00e9quipe. Mieux, je pr\u00e9vois de d\u00e9velopper des activit\u00e9s inclusives telles que la communication, le plaidoyer, le recrutement de nouvelles associations de travailleurs sociaux, le renforcement des capacit\u00e9s, le partage d\u2019exp\u00e9riences et l\u2019\u00e9change de bonnes pratiques afin d\u2019accro\u00eetre le nombre de membres de la FITS \u00e0 travers le continent&nbsp;\u00bb, promet-il. Nous f\u00e9licitons Abib NDIAYE pour son \u00e9lection et nous nous r\u00e9jouissons de l\u2019impact positif qu\u2019il apportera \u00e0 la r\u00e9gion Afrique de la FITS. &nbsp;<\/p>\n\n\n\n<p>A signaler qu&rsquo;Abib NDIAYE a d\u00e9marr\u00e9 sa carri\u00e8re professionnelle \u00e0 la Direction de l&rsquo;Action sociale (Das). Il a par la suite ralli\u00e9 l&rsquo;ancienne capitale du S\u00e9n\u00e9gal, Saint-Louis, o\u00f9 il a \u00e9t\u00e9 affect\u00e9. Il a marqu\u00e9 son passage dans la capitale du nord. Dans la vieille ville, charg\u00e9 d&rsquo;histoire et de civilisations, le travailleur social \u00e9m\u00e9rite a apport\u00e9 sa touche quant \u00e0 la prise en charge des personnes handicap\u00e9es au-del\u00e0 des groupes vuln\u00e9rables.<\/p>\n\n\n\n<p>Aussi fait-il rappeler qu&rsquo;Abib NDIAYE est le pr\u00e9sident de la F\u00e9d\u00e9ration s\u00e9n\u00e9galaise des Travailleurs sociaux du S\u00e9n\u00e9gal (Fsts) compos\u00e9e de plusieurs associations.<\/p>\n","protected":false},"excerpt":{"rendered":"<p>FITS\/Afrique\u00a0: Abib NDIAYE (S\u00e9n\u00e9gal), \u00e9lu nouveau vice-pr\u00e9sident \u00ab&nbsp;Ensemble, nous travaillerons \u00e0 la r\u00e9alisation de nos objectifs communs et \u00e0 l\u2019avancement de la profession de travailleur social dans notre r\u00e9gion&nbsp;\u00bb La r\u00e9gion Afrique de la F\u00e9d\u00e9ration internationale des Travailleurs sociaux (FITS) a un nouveau membre. Il s\u2019agit de l\u2019\u00e9lection du s\u00e9n\u00e9galais Abib NDIAYE, au poste de &hellip;<\/p>\n","protected":false},"author":1,"featured_media":4969,"comment_status":"open","ping_status":"open","sticky":false,"template":"","format":"standard","meta":{"footnotes":""},"categories":[218,219],"tags":[],"class_list":["post-4968","post","type-post","status-publish","format-standard","has-post-thumbnail","hentry","category-a-laune","category-actualites"],"_links":{"self":[{"href":"https:\/\/saintlouisnews.sn\/index.php?rest_route=\/wp\/v2\/posts\/4968","targetHints":{"allow":["GET"]}}],"collection":[{"href":"https:\/\/saintlouisnews.sn\/index.php?rest_route=\/wp\/v2\/posts"}],"about":[{"href":"https:\/\/saintlouisnews.sn\/index.php?rest_route=\/wp\/v2\/types\/post"}],"author":[{"embeddable":true,"href":"https:\/\/saintlouisnews.sn\/index.php?rest_route=\/wp\/v2\/users\/1"}],"replies":[{"embeddable":true,"href":"https:\/\/saintlouisnews.sn\/index.php?rest_route=%2Fwp%2Fv2%2Fcomments&post=4968"}],"version-history":[{"count":4,"href":"https:\/\/saintlouisnews.sn\/index.php?rest_route=\/wp\/v2\/posts\/4968\/revisions"}],"predecessor-version":[{"id":4975,"href":"https:\/\/saintlouisnews.sn\/index.php?rest_route=\/wp\/v2\/posts\/4968\/revisions\/4975"}],"wp:featuredmedia":[{"embeddable":true,"href":"https:\/\/saintlouisnews.sn\/index.php?rest_route=\/wp\/v2\/media\/4969"}],"wp:attachment":[{"href":"https:\/\/saintlouisnews.sn\/index.php?rest_route=%2Fwp%2Fv2%2Fmedia&parent=4968"}],"wp:term":[{"taxonomy":"category","embeddable":true,"href":"https:\/\/saintlouisnews.sn\/index.php?rest_route=%2Fwp%2Fv2%2Fcategories&post=4968"},{"taxonomy":"post_tag","embeddable":true,"href":"https:\/\/saintlouisnews.sn\/index.php?rest_route=%2Fwp%2Fv2%2Ftags&post=4968"}],"curies":[{"name":"wp","href":"https:\/\/api.w.org\/{rel}","templated":true}]}}