{"id":4995,"date":"2024-08-06T00:13:27","date_gmt":"2024-08-06T00:13:27","guid":{"rendered":"https:\/\/saintlouisnews.sn\/?p=4995"},"modified":"2024-08-06T00:42:24","modified_gmt":"2024-08-06T00:42:24","slug":"lancement-de-la-journee-nationale-de-larbre-a-niandane-participation-active-du-maire","status":"publish","type":"post","link":"https:\/\/saintlouisnews.sn\/?p=4995","title":{"rendered":"Lancement de la journ\u00e9e nationale de l&rsquo;arbre \u00e0 Niandane\u00a0: Participation active du maire"},"content":{"rendered":"\n<p>Dans le cadre de la Journ\u00e9e nationale de \u00ab\u00a0Setal Sunu Reew\u00a0\u00bb, initi\u00e9e par Son Excellence le Pr\u00e9sident de la R\u00e9publique Bassirou Diomaye Diakhar FAYE, Elhadji Malick GAYE, a particip\u00e9 en tant que Maire de la commune de Niandane \u00e0 la 3<sup>\u00e8me<\/sup> \u00e9dition de l\u2019investissement humain. \u00ab&nbsp;Cette journ\u00e9e, \u00e0 la fois citoyenne et r\u00e9publicaine, a enregistr\u00e9 une forte mobilisation et une appropriation certaine de la part de la population niandanoise. Ce fut l\u2019occasion de nettoyer les alentours du tout nouveau centre de sant\u00e9 de Niandane, qui doit ouvrir ses portes dans les jours \u00e0 venir&nbsp;\u00bb, a signal\u00e9 l\u2019\u00e9dile qui a saisi cette occasion pour appeler toute la population \u00e0 \u00ab&nbsp;veiller \u00e0 la pr\u00e9servation de cette structure de sant\u00e9, qui viendra soulager les maux des habitants&nbsp;\u00bb.<\/p>\n\n\n\n<figure class=\"wp-block-image size-full is-resized\"><img loading=\"lazy\" decoding=\"async\" width=\"960\" height=\"614\" src=\"https:\/\/saintlouisnews.sn\/wp-content\/uploads\/2024\/08\/Elhadji-Malick-GAYE-4-1.jpg\" alt=\"\" class=\"wp-image-5002\" style=\"width:707px;height:auto\"\/><\/figure>\n\n\n\n<figure class=\"wp-block-image size-full is-resized\"><img loading=\"lazy\" decoding=\"async\" width=\"960\" height=\"540\" src=\"https:\/\/saintlouisnews.sn\/wp-content\/uploads\/2024\/08\/Elahdji-Malick-GAYE-6.jpg\" alt=\"\" class=\"wp-image-5007\" style=\"width:705px;height:auto\"\/><\/figure>\n\n\n\n<figure class=\"wp-block-image size-full is-resized\"><img loading=\"lazy\" decoding=\"async\" width=\"1600\" height=\"900\" src=\"https:\/\/saintlouisnews.sn\/wp-content\/uploads\/2024\/08\/Elhadji-Malick-GAYE-2.jpg\" alt=\"\" class=\"wp-image-5006\" style=\"width:707px;height:auto\"\/><\/figure>\n\n\n\n<p><\/p>\n\n\n\n<figure class=\"wp-block-image size-full is-resized\"><img loading=\"lazy\" decoding=\"async\" width=\"960\" height=\"780\" src=\"https:\/\/saintlouisnews.sn\/wp-content\/uploads\/2024\/08\/Elhadji-Malick-GAYE-7.jpg\" alt=\"\" class=\"wp-image-5005\" style=\"width:713px;height:auto\"\/><\/figure>\n\n\n\n<figure class=\"wp-block-image size-full is-resized\"><img loading=\"lazy\" decoding=\"async\" width=\"960\" height=\"540\" src=\"https:\/\/saintlouisnews.sn\/wp-content\/uploads\/2024\/08\/Elhadji-Malick-GAYE.jpg\" alt=\"\" class=\"wp-image-5008\" style=\"width:712px;height:auto\"\/><\/figure>\n\n\n\n<figure class=\"wp-block-gallery has-nested-images columns-default is-cropped wp-block-gallery-1 is-layout-flex wp-block-gallery-is-layout-flex\">\n<figure class=\"wp-block-image size-large\"><img loading=\"lazy\" decoding=\"async\" width=\"1600\" height=\"900\" data-id=\"5011\" src=\"https:\/\/saintlouisnews.sn\/wp-content\/uploads\/2024\/08\/Elhadji-Malick-GAYE-1-2.jpg\" alt=\"\" class=\"wp-image-5011\"\/><\/figure>\n<\/figure>\n\n\n\n<p>Le maire a particip\u00e9 officiellement \u00e0 la journ\u00e9e nationale de l\u2019arbre dans sa commune sous le th\u00e8me: <strong><em>\u00ab&nbsp;R\u00f4le du reboisement dans la souverainet\u00e9 alimentaire et le d\u00e9veloppement&nbsp;\u00bb<\/em><\/strong> et celle r\u00e9gionale tenue \u00e0 Ndieurba en pr\u00e9sence du gouverneur de la r\u00e9gion de Saint-Louis, du pr\u00e9fet du d\u00e9partement de Podor, du sous-pr\u00e9fet de l\u2019arrondissement de Thill\u00e9 Boubacar, du maire de Fanaye et de l&rsquo;ensemble des services environnementaux, ce dimanche 4 ao\u00fbt 2024, pour la 41<sup>\u00e8me<\/sup> \u00e9dition. \u00ab&nbsp;Cette journ\u00e9e, d\u00e9di\u00e9e \u00e0 la sensibilisation \u00e0 l&rsquo;importance du manguier pour notre \u00e9cosyst\u00e8me, vise \u00e0 rappeler le r\u00f4le crucial de cette esp\u00e8ce dans la lutte contre la pauvret\u00e9, le changement climatique et la d\u00e9sertification&nbsp;\u00bb, a inform\u00e9 le maire de Ndianane qui a magnifi\u00e9 la participation massive des populations du Fouta.. <\/p>\n","protected":false},"excerpt":{"rendered":"<p>Dans le cadre de la Journ\u00e9e nationale de \u00ab\u00a0Setal Sunu Reew\u00a0\u00bb, initi\u00e9e par Son Excellence le Pr\u00e9sident de la R\u00e9publique Bassirou Diomaye Diakhar FAYE, Elhadji Malick GAYE, a particip\u00e9 en tant que Maire de la commune de Niandane \u00e0 la 3\u00e8me \u00e9dition de l\u2019investissement humain. \u00ab&nbsp;Cette journ\u00e9e, \u00e0 la fois citoyenne et r\u00e9publicaine, a enregistr\u00e9 &hellip;<\/p>\n","protected":false},"author":1,"featured_media":4996,"comment_status":"open","ping_status":"open","sticky":true,"template":"","format":"standard","meta":{"footnotes":""},"categories":[218,219],"tags":[],"class_list":["post-4995","post","type-post","status-publish","format-standard","has-post-thumbnail","hentry","category-a-laune","category-actualites"],"_links":{"self":[{"href":"https:\/\/saintlouisnews.sn\/index.php?rest_route=\/wp\/v2\/posts\/4995","targetHints":{"allow":["GET"]}}],"collection":[{"href":"https:\/\/saintlouisnews.sn\/index.php?rest_route=\/wp\/v2\/posts"}],"about":[{"href":"https:\/\/saintlouisnews.sn\/index.php?rest_route=\/wp\/v2\/types\/post"}],"author":[{"embeddable":true,"href":"https:\/\/saintlouisnews.sn\/index.php?rest_route=\/wp\/v2\/users\/1"}],"replies":[{"embeddable":true,"href":"https:\/\/saintlouisnews.sn\/index.php?rest_route=%2Fwp%2Fv2%2Fcomments&post=4995"}],"version-history":[{"count":3,"href":"https:\/\/saintlouisnews.sn\/index.php?rest_route=\/wp\/v2\/posts\/4995\/revisions"}],"predecessor-version":[{"id":5012,"href":"https:\/\/saintlouisnews.sn\/index.php?rest_route=\/wp\/v2\/posts\/4995\/revisions\/5012"}],"wp:featuredmedia":[{"embeddable":true,"href":"https:\/\/saintlouisnews.sn\/index.php?rest_route=\/wp\/v2\/media\/4996"}],"wp:attachment":[{"href":"https:\/\/saintlouisnews.sn\/index.php?rest_route=%2Fwp%2Fv2%2Fmedia&parent=4995"}],"wp:term":[{"taxonomy":"category","embeddable":true,"href":"https:\/\/saintlouisnews.sn\/index.php?rest_route=%2Fwp%2Fv2%2Fcategories&post=4995"},{"taxonomy":"post_tag","embeddable":true,"href":"https:\/\/saintlouisnews.sn\/index.php?rest_route=%2Fwp%2Fv2%2Ftags&post=4995"}],"curies":[{"name":"wp","href":"https:\/\/api.w.org\/{rel}","templated":true}]}}