{"id":5086,"date":"2024-09-01T23:47:05","date_gmt":"2024-09-01T23:47:05","guid":{"rendered":"https:\/\/saintlouisnews.sn\/?p=5086"},"modified":"2024-09-01T23:47:06","modified_gmt":"2024-09-01T23:47:06","slug":"jean-baptiste-tine-ministre-de-linterieur-et-de-la-securite-publique-a-al-hassan-sall-nouveau-gouverneur-de-saint-louis-votre-experience-est-un-atout-precieux-pour-la-reg","status":"publish","type":"post","link":"https:\/\/saintlouisnews.sn\/?p=5086","title":{"rendered":"Jean Baptiste TINE, Ministre de l\u2019Int\u00e9rieur et de la S\u00e9curit\u00e9 publique \u00e0 Al Hassan SALL \u00a0nouveau Gouverneur de Saint-Louis : \u00ab\u00a0Votre exp\u00e9rience est un atout pr\u00e9cieux pour la r\u00e9gion\u00a0\u00bb"},"content":{"rendered":"\n<p>\u00ab \u00c0 la suite de l\u2019installation du Gouverneur de la r\u00e9gion de Matam, je me suis rendu \u00e0 Saint-Louis pour pr\u00e9sider la c\u00e9r\u00e9monie d\u2019installation de Monsieur Al Hassan SALL, qui succ\u00e8de \u00e0 Monsieur Alioune Badara SAMB en tant que Gouverneur de la r\u00e9gion de Saint-Louis. Je tiens \u00e0 f\u00e9liciter Monsieur Alioune Badara SAMB pour les services rendus \u00e0 la r\u00e9gion et \u00e0 l\u2019administration territoriale. Je lui souhaite plein succ\u00e8s dans ses futures missions. La nomination de Monsieur Al Hassan SALL \u00e0 la t\u00eate de la r\u00e9gion de Saint-Louis, traduit la confiance renouvel\u00e9e du Pr\u00e9sident de la R\u00e9publique, Son Excellence Monsieur Bassirou Diomaye Diakhar Faye. Cette marque de confiance t\u00e9moigne des qualit\u00e9s professionnelles et du d\u00e9vouement de M. SALL, un homme exp\u00e9riment\u00e9 qui a su faire ses preuves dans les diff\u00e9rentes circonscriptions administratives qu&rsquo;il a dirig\u00e9es.<br>Saint-Louis, r\u00e9gion au potentiel \u00e9conomique consid\u00e9rable, se trouve entre des mains s\u00fbres. M. SALL va \u0153uvrer en synergie avec toutes les forces vives de la r\u00e9gion pour relever les d\u00e9fis de s\u00e9curit\u00e9, de d\u00e9veloppement \u00e9conomique et social, et r\u00e9pondre aux attentes des populations. J&rsquo;ai formul\u00e9 des v\u0153ux de plein succ\u00e8s dans l\u2019exercice de ses nouvelles fonctions. \u00bb<\/p>\n","protected":false},"excerpt":{"rendered":"<p>\u00ab \u00c0 la suite de l\u2019installation du Gouverneur de la r\u00e9gion de Matam, je me suis rendu \u00e0 Saint-Louis pour pr\u00e9sider la c\u00e9r\u00e9monie d\u2019installation de Monsieur Al Hassan SALL, qui succ\u00e8de \u00e0 Monsieur Alioune Badara SAMB en tant que Gouverneur de la r\u00e9gion de Saint-Louis. Je tiens \u00e0 f\u00e9liciter Monsieur Alioune Badara SAMB pour les &hellip;<\/p>\n","protected":false},"author":1,"featured_media":5087,"comment_status":"open","ping_status":"open","sticky":false,"template":"","format":"standard","meta":{"footnotes":""},"categories":[218,219],"tags":[],"class_list":["post-5086","post","type-post","status-publish","format-standard","has-post-thumbnail","hentry","category-a-laune","category-actualites"],"_links":{"self":[{"href":"https:\/\/saintlouisnews.sn\/index.php?rest_route=\/wp\/v2\/posts\/5086","targetHints":{"allow":["GET"]}}],"collection":[{"href":"https:\/\/saintlouisnews.sn\/index.php?rest_route=\/wp\/v2\/posts"}],"about":[{"href":"https:\/\/saintlouisnews.sn\/index.php?rest_route=\/wp\/v2\/types\/post"}],"author":[{"embeddable":true,"href":"https:\/\/saintlouisnews.sn\/index.php?rest_route=\/wp\/v2\/users\/1"}],"replies":[{"embeddable":true,"href":"https:\/\/saintlouisnews.sn\/index.php?rest_route=%2Fwp%2Fv2%2Fcomments&post=5086"}],"version-history":[{"count":1,"href":"https:\/\/saintlouisnews.sn\/index.php?rest_route=\/wp\/v2\/posts\/5086\/revisions"}],"predecessor-version":[{"id":5088,"href":"https:\/\/saintlouisnews.sn\/index.php?rest_route=\/wp\/v2\/posts\/5086\/revisions\/5088"}],"wp:featuredmedia":[{"embeddable":true,"href":"https:\/\/saintlouisnews.sn\/index.php?rest_route=\/wp\/v2\/media\/5087"}],"wp:attachment":[{"href":"https:\/\/saintlouisnews.sn\/index.php?rest_route=%2Fwp%2Fv2%2Fmedia&parent=5086"}],"wp:term":[{"taxonomy":"category","embeddable":true,"href":"https:\/\/saintlouisnews.sn\/index.php?rest_route=%2Fwp%2Fv2%2Fcategories&post=5086"},{"taxonomy":"post_tag","embeddable":true,"href":"https:\/\/saintlouisnews.sn\/index.php?rest_route=%2Fwp%2Fv2%2Ftags&post=5086"}],"curies":[{"name":"wp","href":"https:\/\/api.w.org\/{rel}","templated":true}]}}