{"id":5089,"date":"2024-09-01T23:54:47","date_gmt":"2024-09-01T23:54:47","guid":{"rendered":"https:\/\/saintlouisnews.sn\/?p=5089"},"modified":"2024-09-01T23:54:48","modified_gmt":"2024-09-01T23:54:48","slug":"recrudescence-des-cas-de-meurtres-et-agressions-physiques","status":"publish","type":"post","link":"https:\/\/saintlouisnews.sn\/?p=5089","title":{"rendered":"Recrudescence des cas de meurtres et agressions physiques :"},"content":{"rendered":"\n<p><strong><em>Le ministre de l\u2019Int\u00e9rieur \u00a0promet une \u00ab\u00a0lutte farouche\u00a0\u00bb contre l\u2019ins\u00e9curit\u00e9, <\/em><\/strong><\/p>\n\n\n\n<p>\u00a0\u00ab\u00a0Nous allons redoubler d\u2019efforts pour renforcer les actions de pr\u00e9sence des forces de l\u2019ordre sur le terrain afin de ramener la s\u00e9r\u00e9nit\u00e9 sur l\u2019ensemble du territoire national, a d\u00e9clar\u00e9 \u00a0samedi, le ministre de l\u2019Int\u00e9rieur et de la S\u00e9curit\u00e9 publique, en marge de la c\u00e9r\u00e9monie d\u2019installation du nouveau gouverneur de Saint-Louis M. Al Hassan Sall. Jean-Baptiste Tine qui r\u00e9agissait ainsi \u00a0face \u00e0 la recrudescence du ph\u00e9nom\u00e8ne de l\u2019ins\u00e9curit\u00e9 not\u00e9e ces deux derniers mois, a tenu\u00a0 \u00e9galement \u00e0 \u00ab\u00a0rassurer les populations qui ne doivent pas avoir peur, et doivent vaquer normalement \u00e0 leurs occupations\u00a0\u00bb. Il a d\u00e9plor\u00e9 les cas de meurtres et d\u2019agressions, nombreux, enregistr\u00e9s en juillet et ao\u00fbt sur l\u2019ensemble du territoire national, particuli\u00e8rement \u00e0 Dakar et sa banlieue avant d\u2019assurer que \u00ab\u00a0les forces de l\u2019ordre ne sont pas inactives face \u00e0 ce ph\u00e9nom\u00e8ne\u00a0\u00bb, promettant de lutter farouchement contre l\u2019ins\u00e9curit\u00e9. Le ministre de l\u2019Int\u00e9rieur et de la S\u00e9curit\u00e9 publique s\u2019est f\u00e9licit\u00e9 de ce que \u00ab\u00a0tous les auteurs de ces meurtres\u00a0\u00bb ont \u00e9t\u00e9 arr\u00eat\u00e9s dans des d\u00e9lais tr\u00e8s courts \u00a0et pr\u00e9sent\u00e9s \u00e0 l\u2019autorit\u00e9 judiciaire. Aussi, a t-il\u00a0 invit\u00e9 les populations \u00e0 s\u2019impliquer davantage dans cette lutte contre l\u2019ins\u00e9curit\u00e9 et les agressions de personnes, en informant les forces de l\u2019ordre \u00ab\u00a0si possible avant que les actes ne soient commis, ou le cas \u00e9ch\u00e9ant pour \u00e9lucider les actes r\u00e9pr\u00e9hensibles\u00a0\u00bb.<\/p>\n\n\n\n<p><strong><em>L\u2019ASCAI plaide pour le r\u00e9tablissement de la peine de mort<\/em><\/strong><\/p>\n\n\n\n<p>\u00a0L\u2019association de soutien et de coordination des actions islamiques (ASCAI) condamne avec v\u00e9h\u00e9mence la recrudescence des cas de meurtres et d\u2019agressions physiques not\u00e9s ces derniers mois au S\u00e9n\u00e9gal.\u00a0\u00ab\u00a0C\u2019est tout simplement regrettable inadmissible de voir\u00a0 toutes ces personnes\u00a0 victimes de la barbarie humaine\u00a0\u00bb, fulmine le Secr\u00e9taire g\u00e9n\u00e9ral de cette structure. Selon Mohamadou Alioune Mbaye, \u00a0il\u00a0 est plus que grand temps de mettre un terme d\u00e9finitif \u00e0\u00a0 ces sc\u00e8nes d\u2019horreur voire cette spirale de violences, dont les auteurs m\u00e9ritent des ch\u00e2timents exemplaires. Pour M. Mbaye, seul le retour de la peine pourrait r\u00e9gler d\u00e9finitivement cette question. Et de rappeler que l\u2019ASCAI, \u00e0 travers son responsable moral Abdallah Sall, s\u2019est beaucoup investi durant ces derni\u00e8res ann\u00e9es, pour le r\u00e9tablissement de la peine capitale. Pour rappel,\u00a0 Abdallah Sall et Cie ont initi\u00e9 par le pass\u00e9, une s\u00e9rie d\u2019actions, dont des p\u00e9titions afin de sensibiliser les parlementaires sur la n\u00e9cessit\u00e9 de \u00ab\u00a0faire revenir\u00a0\u00bb la peine de mort dans la nomenclature p\u00e9nale au S\u00e9n\u00e9gal.<\/p>\n\n\n\n<p><\/p>\n\n\n\n<p><\/p>\n\n\n\n<p><\/p>\n","protected":false},"excerpt":{"rendered":"<p>Le ministre de l\u2019Int\u00e9rieur \u00a0promet une \u00ab\u00a0lutte farouche\u00a0\u00bb contre l\u2019ins\u00e9curit\u00e9, \u00a0\u00ab\u00a0Nous allons redoubler d\u2019efforts pour renforcer les actions de pr\u00e9sence des forces de l\u2019ordre sur le terrain afin de ramener la s\u00e9r\u00e9nit\u00e9 sur l\u2019ensemble du territoire national, a d\u00e9clar\u00e9 \u00a0samedi, le ministre de l\u2019Int\u00e9rieur et de la S\u00e9curit\u00e9 publique, en marge de la c\u00e9r\u00e9monie d\u2019installation &hellip;<\/p>\n","protected":false},"author":1,"featured_media":5090,"comment_status":"open","ping_status":"open","sticky":false,"template":"","format":"standard","meta":{"footnotes":""},"categories":[218,219],"tags":[],"class_list":["post-5089","post","type-post","status-publish","format-standard","has-post-thumbnail","hentry","category-a-laune","category-actualites"],"_links":{"self":[{"href":"https:\/\/saintlouisnews.sn\/index.php?rest_route=\/wp\/v2\/posts\/5089","targetHints":{"allow":["GET"]}}],"collection":[{"href":"https:\/\/saintlouisnews.sn\/index.php?rest_route=\/wp\/v2\/posts"}],"about":[{"href":"https:\/\/saintlouisnews.sn\/index.php?rest_route=\/wp\/v2\/types\/post"}],"author":[{"embeddable":true,"href":"https:\/\/saintlouisnews.sn\/index.php?rest_route=\/wp\/v2\/users\/1"}],"replies":[{"embeddable":true,"href":"https:\/\/saintlouisnews.sn\/index.php?rest_route=%2Fwp%2Fv2%2Fcomments&post=5089"}],"version-history":[{"count":1,"href":"https:\/\/saintlouisnews.sn\/index.php?rest_route=\/wp\/v2\/posts\/5089\/revisions"}],"predecessor-version":[{"id":5091,"href":"https:\/\/saintlouisnews.sn\/index.php?rest_route=\/wp\/v2\/posts\/5089\/revisions\/5091"}],"wp:featuredmedia":[{"embeddable":true,"href":"https:\/\/saintlouisnews.sn\/index.php?rest_route=\/wp\/v2\/media\/5090"}],"wp:attachment":[{"href":"https:\/\/saintlouisnews.sn\/index.php?rest_route=%2Fwp%2Fv2%2Fmedia&parent=5089"}],"wp:term":[{"taxonomy":"category","embeddable":true,"href":"https:\/\/saintlouisnews.sn\/index.php?rest_route=%2Fwp%2Fv2%2Fcategories&post=5089"},{"taxonomy":"post_tag","embeddable":true,"href":"https:\/\/saintlouisnews.sn\/index.php?rest_route=%2Fwp%2Fv2%2Ftags&post=5089"}],"curies":[{"name":"wp","href":"https:\/\/api.w.org\/{rel}","templated":true}]}}