{"id":5097,"date":"2024-09-07T00:24:31","date_gmt":"2024-09-07T00:24:31","guid":{"rendered":"https:\/\/saintlouisnews.sn\/?p=5097"},"modified":"2024-09-07T00:54:17","modified_gmt":"2024-09-07T00:54:17","slug":"solution-durable-contre-lenvahissement-des-plantes-aquatiques-dans-le-delta","status":"publish","type":"post","link":"https:\/\/saintlouisnews.sn\/?p=5097","title":{"rendered":"Solution durable contre\u00a0l\u2019envahissement des plantes aquatiques dans le Delta"},"content":{"rendered":"\n<p><strong><em>Le Dg de la SAED mise&nbsp; sur un programme sp\u00e9cial en faveur des producteurs&nbsp;&nbsp;<\/em><\/strong><\/p>\n\n\n\n<p><strong><em>Confront\u00e9s depuis plusieurs ann\u00e9es \u00e0 un manque d\u2019eau r\u00e9curent du \u00e0 un d\u00e9faut de maintenance li\u00e9 au d\u00e9veloppement des plantes aquatiques sauvages, les producteurs de Diawel (d\u00e9partement de Dagana), poussent un ouf de soulagement, \u00e0 la suite de la visite de terrain du tout nouveau\u00a0 Directeur g\u00e9n\u00e9ral de la\u00a0 Soci\u00e9t\u00e9 d\u2019Am\u00e9nagement et d\u2019Exploitation des terres du delta et des vall\u00e9es du fleuve S\u00e9n\u00e9gal et de la Fal\u00e9m\u00e9 (SAED). Et pour cause, Alassane B\u00c2, s\u2019est prononc\u00e9 en faveur d\u2019un programme sp\u00e9cial destin\u00e9 \u00e0 prendre en charge durablement les difficult\u00e9s qui plombent les performances de ces producteurs.<\/em><\/strong><\/p>\n\n\n\n<p>\u00abAu-del\u00e0 des travaux de maintenance qui sont satisfaisants, il faudrait qu\u2019on pense \u00e0 un programme sp\u00e9cial pour la zone de Diawel. Lequel qui va permettre v\u00e9ritablement de r\u00e9gler d\u00e9finitivement les probl\u00e8mes qui sont caus\u00e9s ici. Ce sont des probl\u00e8mes de maintenance dus simplement \u00e0 l\u2019envahissement des plantes aquatiques sauvages qui se d\u00e9foulent avec une vitesse grand V\u00a0\u00bb, a d\u00e9clar\u00e9 M. B\u00c2. En effet, si le niveau de satisfaction exprim\u00e9 par les producteurs vis-\u00e0-vis des travaux effectu\u00e9s par une Pelle amphibie Big Float\u00a0 pour favoriser un \u00e9coulement normal des eaux, est r\u00e9el, il reste que selon Alassane B\u00c2,\u00a0 \u00ab\u00a0il\u00a0 faut donc\u00a0 un programme sp\u00e9cial pour que v\u00e9ritablement permettre aux producteurs de travailler sereinement et de pouvoir nous faire des productions records\u00bb. Sous ce rapport, le patron de la SAED a expliqu\u00e9 que\u00a0 le manque d\u2019eau r\u00e9current dans les p\u00e9rim\u00e8tres agricoles de Diawel est d\u00fb \u00e0 un d\u00e9faut de maintenance li\u00e9 au d\u00e9veloppement des plantes aquatiques sauvages comme le typha. \u00ab Ce qui emp\u00eache l\u2019eau de circuler, et les parcelles sont \u00e9videmment en situation de stress hydrique\u00bb, a-t-il dit M. B\u00c2 qui a fait le d\u00e9placement pour\u00a0 apporter soutien et r\u00e9confort aux producteurs de cette zone.\u00a0 Prenant la parole au nom des producteurs, Madiop DIOP a salu\u00e9 la disponibilit\u00e9 du nouveau directeur g\u00e9n\u00e9ral de la SAED qui, selon lui, ma\u00eetrise cette zone avant de louer les efforts des nouvelles autorit\u00e9s qui, selon lui, sont venues \u00e0 leur chevet. <\/p>\n\n\n\n<p>A signaler que le\u00a0 nouveau directeur g\u00e9n\u00e9ral de la SAED, a entrepris d\u00e9s le lendemain de son installation, une s\u00e9rie de tourn\u00e9es dans les zones de production rizicole et horticole pour aller au contact des organisations de producteurs en vue de s\u2019enqu\u00e9rir in situ des difficult\u00e9s auxquelles ces derni\u00e8res\u00a0 sont confront\u00e9es. Cette premi\u00e8re sortie a \u00e9t\u00e9 magnifi\u00e9e par les acteurs.<\/p>\n\n\n\n<figure class=\"wp-block-image size-full is-resized\"><img loading=\"lazy\" decoding=\"async\" width=\"800\" height=\"533\" src=\"https:\/\/saintlouisnews.sn\/wp-content\/uploads\/2024\/09\/1725119159623-1.jpeg\" alt=\"\" class=\"wp-image-5099\" style=\"width:705px;height:auto\" srcset=\"https:\/\/saintlouisnews.sn\/wp-content\/uploads\/2024\/09\/1725119159623-1.jpeg 800w, https:\/\/saintlouisnews.sn\/wp-content\/uploads\/2024\/09\/1725119159623-1-300x200.jpeg 300w, https:\/\/saintlouisnews.sn\/wp-content\/uploads\/2024\/09\/1725119159623-1-768x512.jpeg 768w\" sizes=\"auto, (max-width: 800px) 100vw, 800px\" \/><\/figure>\n","protected":false},"excerpt":{"rendered":"<p>Alassane B\u00c2 Directeur g\u00e9n\u00e9ral de la SAED<\/p>\n","protected":false},"author":1,"featured_media":5102,"comment_status":"open","ping_status":"open","sticky":false,"template":"","format":"standard","meta":{"footnotes":""},"categories":[218,219],"tags":[],"class_list":["post-5097","post","type-post","status-publish","format-standard","has-post-thumbnail","hentry","category-a-laune","category-actualites"],"_links":{"self":[{"href":"https:\/\/saintlouisnews.sn\/index.php?rest_route=\/wp\/v2\/posts\/5097","targetHints":{"allow":["GET"]}}],"collection":[{"href":"https:\/\/saintlouisnews.sn\/index.php?rest_route=\/wp\/v2\/posts"}],"about":[{"href":"https:\/\/saintlouisnews.sn\/index.php?rest_route=\/wp\/v2\/types\/post"}],"author":[{"embeddable":true,"href":"https:\/\/saintlouisnews.sn\/index.php?rest_route=\/wp\/v2\/users\/1"}],"replies":[{"embeddable":true,"href":"https:\/\/saintlouisnews.sn\/index.php?rest_route=%2Fwp%2Fv2%2Fcomments&post=5097"}],"version-history":[{"count":2,"href":"https:\/\/saintlouisnews.sn\/index.php?rest_route=\/wp\/v2\/posts\/5097\/revisions"}],"predecessor-version":[{"id":5105,"href":"https:\/\/saintlouisnews.sn\/index.php?rest_route=\/wp\/v2\/posts\/5097\/revisions\/5105"}],"wp:featuredmedia":[{"embeddable":true,"href":"https:\/\/saintlouisnews.sn\/index.php?rest_route=\/wp\/v2\/media\/5102"}],"wp:attachment":[{"href":"https:\/\/saintlouisnews.sn\/index.php?rest_route=%2Fwp%2Fv2%2Fmedia&parent=5097"}],"wp:term":[{"taxonomy":"category","embeddable":true,"href":"https:\/\/saintlouisnews.sn\/index.php?rest_route=%2Fwp%2Fv2%2Fcategories&post=5097"},{"taxonomy":"post_tag","embeddable":true,"href":"https:\/\/saintlouisnews.sn\/index.php?rest_route=%2Fwp%2Fv2%2Ftags&post=5097"}],"curies":[{"name":"wp","href":"https:\/\/api.w.org\/{rel}","templated":true}]}}