{"id":5121,"date":"2024-09-17T22:17:40","date_gmt":"2024-09-17T22:17:40","guid":{"rendered":"https:\/\/saintlouisnews.sn\/?p=5121"},"modified":"2024-09-17T22:17:42","modified_gmt":"2024-09-17T22:17:42","slug":"agriculture-alassane-ba-dg-de-la-saed-annonce-de-nouveaux-amenagements-dans-la-region-de-matam","status":"publish","type":"post","link":"https:\/\/saintlouisnews.sn\/?p=5121","title":{"rendered":"Agriculture\u00a0: Alassane B\u00c2 DG de la SAED annonce de \u00ab\u00a0nouveaux am\u00e9nagements dans la r\u00e9gion de Matam\u00a0\u00bb"},"content":{"rendered":"\n<p><strong><em>Le d\u00e9but de la campagne agricole de l\u2019hivernage est min\u00e9 par de nombreuses contraintes constituant une pr\u00e9occupation pour les rizicultures de Matam. Ces derniers ont saisi cette occasion pour exprimer leurs pr\u00e9occupations. Ils restent optimistes avec la visite du Directeur g\u00e9n\u00e9ral de la SAED. Alassane B\u00c2 les a rassur\u00e9s annon\u00e7ant \u00ab\u00a0 de nouveaux am\u00e9nagements dans la r\u00e9gion de Matam\u00a0\u00bb ce qui permettra aux populations d\u2019avoir des revenus beaucoup plus importants\u00a0\u00bb.<\/em><\/strong><\/p>\n\n\n\n<p>\u00ab&nbsp;Nous avons certaines pr\u00e9occupations. Il faut r\u00e9habiliter tous les casiers et cuves qui sont en \u00e9tat critique et nous doter de motopompes. La r\u00e9gion a un besoin de plus de 400 motopompes. C\u2019est pourquoi nous avons un d\u00e9ficit de superficies emblav\u00e9es dans la r\u00e9gion de Matam. Nous souhaitons une r\u00e9solution avec l\u2019arriv\u00e9e du nouveau DG Alassane B\u00c2&nbsp;\u00bb, a signal\u00e9 Mamoudou KANE pr\u00e9sident du Collectif des riziculteurs de Matam qui reste optimiste quant \u00e0 la r\u00e9solution de leurs dol\u00e9ances.<\/p>\n\n\n\n<p>Ces demandes ne sont pas tomb\u00e9es dans l\u2019oreille d\u2019un sourd. Malgr\u00e9 le nombre faible d\u2019am\u00e9nagements des terres et le gap de groupes motopompes estim\u00e9 \u00e0 450, le Directeur g\u00e9n\u00e9ral de la SAED magnifie le bon d\u00e9roulement de la campagne agricole de l\u2019hivernage. Ce qui est en phase avec l\u2019ambition affich\u00e9e par le Premier ministre Ousmane SONKO qui veut faire de Matam, un \u00ab&nbsp;poumon \u00e9conomique et agricole&nbsp;\u00bb.<\/p>\n\n\n\n<p><strong><em>Assurances du Directeur g\u00e9n\u00e9ral de la SAED<\/em><\/strong><\/p>\n\n\n\n<p>\u00ab&nbsp;La moiti\u00e9 de la superficie cultivable dans la r\u00e9gion de Matam est constitu\u00e9e de P\u00e9rim\u00e8tres Irrigu\u00e9s villageois (PIV), dont les tailles parcellaires sont faibles. Les PIV m\u00e9ritent d\u2019\u00eatre am\u00e9lior\u00e9s, en faisant de nouveaux am\u00e9nagements qui vont permettre aux populations d\u2019avoir des revenus beaucoup plus importants. Cette r\u00e9gion a un potentiel agricole assez significatif de 43 000 hectares, mais seulement 13 000 y ont \u00e9t\u00e9 am\u00e9nag\u00e9s. Je pense que l\u2019essentiel des cultures sont constitu\u00e9es de riziculture, qui est une \u00e9conomie d\u2019\u00e9chelle. Plus on cultive, plus on gagne de l\u2019argent&nbsp;\u00bb, a fait savoir Alassane B\u00c2 \u00e0 l\u2019occasion de la premi\u00e8re \u00e9tape d\u2019une visite de prise de contact de deux jours dans la r\u00e9gion de Matam. Il a annonc\u00e9 des mutations. \u00ab&nbsp;Il y a des choses \u00e0 changer dans ce domaine, car les tailles parcellaires comprises entre 0,25 et 0,35 hectares par famille sont tr\u00e8s faibles. Dans la r\u00e9gion, il y a un potentiel \u00e9norme de terres qui vont \u00eatre am\u00e9nag\u00e9es dans le cadre du nouveau programme d\u00e9fini par l\u2019Etat. La r\u00e9gion souffre de plusieurs difficult\u00e9s li\u00e9es entre autres \u00e0 la chert\u00e9 de l\u2019\u00e9lectricit\u00e9 et \u00e0 l\u2019insuffisance des motopompes. Il y a un programme sp\u00e9cial qui est en train d\u2019\u00eatre mis en place par le minist\u00e8re de l\u2019Agriculture et de l\u2019Equipement rural. Ledit programme permettra de r\u00e9sorber le gap des motopompes, mais aussi aux producteurs ayant des difficult\u00e9s de remboursement de pr\u00eats de renouer avec le cr\u00e9dit&nbsp;\u00bb, a r\u00e9v\u00e9l\u00e9 M. B\u00c2. D\u2019apr\u00e8s lui, une solution est en cours concernant le probl\u00e8me de la facture d\u2019\u00e9lectricit\u00e9 avec la solarisation universelle. Il a cit\u00e9 le casier de Kobilo, dans la commune de Dabia comme faisant partie des champs solaris\u00e9s. Le d\u00e9but du programme de solarisation des \u00e9quipements de pompage est parti pour all\u00e9ger et baisser consid\u00e9rablement les pr\u00e9occupations des riziculteurs.<\/p>\n\n\n\n<p>La journ\u00e9e de ce mardi a \u00e9t\u00e9 marqu\u00e9e par les \u00e9tapes de Saradji, Bokidiaw\u00e9, Kobilo et le Dand\u00e9 Mayo nord o\u00f9 quatre PIV ont \u00e9t\u00e9 visit\u00e9s. Ce mercredi, le Directeur g\u00e9n\u00e9ral de la SAED est attendu dans le d\u00e9partement de Kanel.<\/p>\n","protected":false},"excerpt":{"rendered":"<p>Alassane B\u00c2 DG de la SAED \u00e0 Matam<\/p>\n","protected":false},"author":1,"featured_media":5122,"comment_status":"open","ping_status":"open","sticky":false,"template":"","format":"standard","meta":{"footnotes":""},"categories":[218,219,244],"tags":[],"class_list":["post-5121","post","type-post","status-publish","format-standard","has-post-thumbnail","hentry","category-a-laune","category-actualites","category-economie"],"_links":{"self":[{"href":"https:\/\/saintlouisnews.sn\/index.php?rest_route=\/wp\/v2\/posts\/5121","targetHints":{"allow":["GET"]}}],"collection":[{"href":"https:\/\/saintlouisnews.sn\/index.php?rest_route=\/wp\/v2\/posts"}],"about":[{"href":"https:\/\/saintlouisnews.sn\/index.php?rest_route=\/wp\/v2\/types\/post"}],"author":[{"embeddable":true,"href":"https:\/\/saintlouisnews.sn\/index.php?rest_route=\/wp\/v2\/users\/1"}],"replies":[{"embeddable":true,"href":"https:\/\/saintlouisnews.sn\/index.php?rest_route=%2Fwp%2Fv2%2Fcomments&post=5121"}],"version-history":[{"count":1,"href":"https:\/\/saintlouisnews.sn\/index.php?rest_route=\/wp\/v2\/posts\/5121\/revisions"}],"predecessor-version":[{"id":5123,"href":"https:\/\/saintlouisnews.sn\/index.php?rest_route=\/wp\/v2\/posts\/5121\/revisions\/5123"}],"wp:featuredmedia":[{"embeddable":true,"href":"https:\/\/saintlouisnews.sn\/index.php?rest_route=\/wp\/v2\/media\/5122"}],"wp:attachment":[{"href":"https:\/\/saintlouisnews.sn\/index.php?rest_route=%2Fwp%2Fv2%2Fmedia&parent=5121"}],"wp:term":[{"taxonomy":"category","embeddable":true,"href":"https:\/\/saintlouisnews.sn\/index.php?rest_route=%2Fwp%2Fv2%2Fcategories&post=5121"},{"taxonomy":"post_tag","embeddable":true,"href":"https:\/\/saintlouisnews.sn\/index.php?rest_route=%2Fwp%2Fv2%2Ftags&post=5121"}],"curies":[{"name":"wp","href":"https:\/\/api.w.org\/{rel}","templated":true}]}}