{"id":5137,"date":"2024-09-25T22:09:34","date_gmt":"2024-09-25T22:09:34","guid":{"rendered":"https:\/\/saintlouisnews.sn\/?p=5137"},"modified":"2024-09-25T22:11:14","modified_gmt":"2024-09-25T22:11:14","slug":"projet-de-cooperation-transfrontiere-pour-la-restauration-et-la-gestion-des-ecosystemes-formation-dacteurs-des-medias-sur-la-reserve-de-biosphere-rb","status":"publish","type":"post","link":"https:\/\/saintlouisnews.sn\/?p=5137","title":{"rendered":"Projet de coop\u00e9ration transfronti\u00e8re pour la restauration et la gestion des \u00e9cosyst\u00e8mes : Formation d\u2019acteurs des m\u00e9dias sur la r\u00e9serve de Biosph\u00e8re (RB)"},"content":{"rendered":"\n<p><strong><em>Le R\u00e9seau des Acteurs des M\u00e9dias Entregents de Saint-Louis (Rames), cr\u00e9\u00e9e depuis le mois d\u2019octobre 2023, d\u00e9roule son plan d&rsquo;actions. A quelques jours de son premier anniversaire, il a entam\u00e9 sa vitesse de croisi\u00e8re en renfor\u00e7ant son partenariat. Dans le cadre du Projet de coop\u00e9ration transfronti\u00e8re pour la restauration et la gestion des \u00e9cosyst\u00e8mes, des journalistes et charg\u00e9s de communication sont form\u00e9s sur le concept de R\u00e9serve de Biosph\u00e8re (RB).<\/em><\/strong><br>Des journalistes et charg\u00e9s de communication ont entam\u00e9 ce 25 Septembre une formation de 2 jours sur la R\u00e9serve de Biosph\u00e8re (RB). \u00ab Nous faisons de la formation notre credo. Cette session importante sur la R\u00e9serve de Biosph\u00e8re fait suite \u00e0 une forte demande des journalistes et charg\u00e9s de communication de la r\u00e9gion. L\u2019environnement reste un cr\u00e9neau important pour le d\u00e9veloppement des deux nations s\u0153urs que sont la R\u00e9publique islamique de Mauritanie et la R\u00e9publique du S\u00e9n\u00e9gal\u00a0\u00bb, a d\u00e9clar\u00e9 Gabriel BARBIER. Pour le pr\u00e9sident du RAMES non moins journaliste du\u00a0Groupe WalFadjri, \u00ab\u00a0l&rsquo;implication positive des cons\u0153urs et confr\u00e8res conscients des enjeux et des d\u00e9fis \u00e0 relever, augure un lendemain meilleur\u00a0\u00bb. A l\u2019en croire, le RAMES veut ratisser large car les acteurs souffrent de manque criant de formation. \u00ab\u00a0La d\u00e9marche du r\u00e9seau ciblera toutes les th\u00e9matiques de la vie socio-\u00e9conomique\u00a0\u00bb, a-t-il rassur\u00e9.<\/p>\n\n\n\n<p>L\u2019objectif global de cette session de formation est de \u00ab\u00a0garantir, entre autres, la compr\u00e9hension du concept de r\u00e9serve de biosph\u00e8re, afin de renforcer la coop\u00e9ration transfronti\u00e8re pour une gestion rationnelle des ressources partag\u00e9es de la R\u00e9serve de Biosph\u00e8re transfronti\u00e8re (RBT) du Delta du fleuve S\u00e9n\u00e9gal\u00a0\u00bb.<\/p>\n\n\n\n<p>Quant au Commandant Fatou NDIAYE, cheffe de la Division formation et communication, \u00e0 la Direction des Parcs nationaux du S\u00e9n\u00e9gal (DPN), elle est revenue sur l&rsquo;importance de la formation. Selon elle, il est  important de \u00ab\u00a0renforcer la capacit\u00e9 des acteurs des m\u00e9dias\u00a0\u00bb car la communication joue un r\u00f4le pr\u00e9pond\u00e9rant dans le concept de R\u00e9serve de Biosph\u00e8re. \u00ab\u00a0Notre biodiversit\u00e9 devient de plus en plus menac\u00e9e, notamment les esp\u00e8ces, la faune, la flore et les \u00e9cosyst\u00e8mes\u00a0\u00bb, a-t-elle avanc\u00e9.<\/p>\n\n\n\n<p>Depuis sa cr\u00e9ation, le R\u00e9seau des Acteurs des M\u00e9dias Entregents de Saint-Louis (Rames) \u0153uvre pour renforcer la capacit\u00e9s de ses membres.<\/p>\n","protected":false},"excerpt":{"rendered":"<p>Photo de famille des participants, partenaires et formateurs.<\/p>\n","protected":false},"author":1,"featured_media":5138,"comment_status":"open","ping_status":"open","sticky":false,"template":"","format":"standard","meta":{"footnotes":""},"categories":[218,219],"tags":[],"class_list":["post-5137","post","type-post","status-publish","format-standard","has-post-thumbnail","hentry","category-a-laune","category-actualites"],"_links":{"self":[{"href":"https:\/\/saintlouisnews.sn\/index.php?rest_route=\/wp\/v2\/posts\/5137","targetHints":{"allow":["GET"]}}],"collection":[{"href":"https:\/\/saintlouisnews.sn\/index.php?rest_route=\/wp\/v2\/posts"}],"about":[{"href":"https:\/\/saintlouisnews.sn\/index.php?rest_route=\/wp\/v2\/types\/post"}],"author":[{"embeddable":true,"href":"https:\/\/saintlouisnews.sn\/index.php?rest_route=\/wp\/v2\/users\/1"}],"replies":[{"embeddable":true,"href":"https:\/\/saintlouisnews.sn\/index.php?rest_route=%2Fwp%2Fv2%2Fcomments&post=5137"}],"version-history":[{"count":2,"href":"https:\/\/saintlouisnews.sn\/index.php?rest_route=\/wp\/v2\/posts\/5137\/revisions"}],"predecessor-version":[{"id":5141,"href":"https:\/\/saintlouisnews.sn\/index.php?rest_route=\/wp\/v2\/posts\/5137\/revisions\/5141"}],"wp:featuredmedia":[{"embeddable":true,"href":"https:\/\/saintlouisnews.sn\/index.php?rest_route=\/wp\/v2\/media\/5138"}],"wp:attachment":[{"href":"https:\/\/saintlouisnews.sn\/index.php?rest_route=%2Fwp%2Fv2%2Fmedia&parent=5137"}],"wp:term":[{"taxonomy":"category","embeddable":true,"href":"https:\/\/saintlouisnews.sn\/index.php?rest_route=%2Fwp%2Fv2%2Fcategories&post=5137"},{"taxonomy":"post_tag","embeddable":true,"href":"https:\/\/saintlouisnews.sn\/index.php?rest_route=%2Fwp%2Fv2%2Ftags&post=5137"}],"curies":[{"name":"wp","href":"https:\/\/api.w.org\/{rel}","templated":true}]}}