{"id":522,"date":"2022-09-05T06:39:08","date_gmt":"2022-09-05T06:39:08","guid":{"rendered":"https:\/\/saintlouisnews.sn\/?p=522"},"modified":"2022-09-05T06:39:08","modified_gmt":"2022-09-05T06:39:08","slug":"magal-des-2-rakas-le-cdpe-joue-sa-partition","status":"publish","type":"post","link":"https:\/\/saintlouisnews.sn\/?p=522","title":{"rendered":"Magal des 2 rakas: Le CDPE joue sa partition"},"content":{"rendered":"<p>Magal des 2 rakas: Le CDPE joue sa partition<\/p>\n<p>Le Magal des 2 rakas drain\u00e9 chaque ann\u00e9e plusieurs milliers de fid\u00e8les venus de divers horizons. Comme tout rassemblement, les enfants viennent nombreux accompagner leurs parents pour comm\u00e9morer la bravoure de Cheikh Ahmadou Bamba devant le colon. Seulement certains sont \u00e9gar\u00e9s. Mais cette situation est prise \u00e0 bras le corps par les intervenants sociaux au nombre de 16, regroup\u00e9s au sein du Comit\u00e9 d\u00e9partemental pour la Protection des Enfants (Cdpe). Ils sont en croisade avec comme slogan \u00ab\u00a0Z\u00e9ro enfant \u00e9gar\u00e9\u00a0\u00bb. Un dispositif impressionnant est mis en place avec deux \u00e9quipes (diurne et nocturne). Un bracelet est remis \u00e0 tout enfant retrouv\u00e9. Des rondes sont effectu\u00e9es pour la protection des enfants..<\/p>\n","protected":false},"excerpt":{"rendered":"<p>Magal des 2 rakas: Le CDPE joue sa partition Le Magal des 2 rakas drain\u00e9 chaque ann\u00e9e plusieurs milliers de fid\u00e8les venus de divers horizons. Comme tout rassemblement, les enfants viennent nombreux accompagner leurs parents pour comm\u00e9morer la bravoure de Cheikh Ahmadou Bamba devant le colon. Seulement certains sont \u00e9gar\u00e9s. Mais cette situation est prise &hellip;<\/p>\n","protected":false},"author":1,"featured_media":523,"comment_status":"open","ping_status":"open","sticky":false,"template":"","format":"standard","meta":{"footnotes":""},"categories":[219],"tags":[],"class_list":["post-522","post","type-post","status-publish","format-standard","has-post-thumbnail","hentry","category-actualites"],"_links":{"self":[{"href":"https:\/\/saintlouisnews.sn\/index.php?rest_route=\/wp\/v2\/posts\/522","targetHints":{"allow":["GET"]}}],"collection":[{"href":"https:\/\/saintlouisnews.sn\/index.php?rest_route=\/wp\/v2\/posts"}],"about":[{"href":"https:\/\/saintlouisnews.sn\/index.php?rest_route=\/wp\/v2\/types\/post"}],"author":[{"embeddable":true,"href":"https:\/\/saintlouisnews.sn\/index.php?rest_route=\/wp\/v2\/users\/1"}],"replies":[{"embeddable":true,"href":"https:\/\/saintlouisnews.sn\/index.php?rest_route=%2Fwp%2Fv2%2Fcomments&post=522"}],"version-history":[{"count":0,"href":"https:\/\/saintlouisnews.sn\/index.php?rest_route=\/wp\/v2\/posts\/522\/revisions"}],"wp:featuredmedia":[{"embeddable":true,"href":"https:\/\/saintlouisnews.sn\/index.php?rest_route=\/wp\/v2\/media\/523"}],"wp:attachment":[{"href":"https:\/\/saintlouisnews.sn\/index.php?rest_route=%2Fwp%2Fv2%2Fmedia&parent=522"}],"wp:term":[{"taxonomy":"category","embeddable":true,"href":"https:\/\/saintlouisnews.sn\/index.php?rest_route=%2Fwp%2Fv2%2Fcategories&post=522"},{"taxonomy":"post_tag","embeddable":true,"href":"https:\/\/saintlouisnews.sn\/index.php?rest_route=%2Fwp%2Fv2%2Ftags&post=522"}],"curies":[{"name":"wp","href":"https:\/\/api.w.org\/{rel}","templated":true}]}}