{"id":5327,"date":"2024-11-30T22:57:31","date_gmt":"2024-11-30T22:57:31","guid":{"rendered":"https:\/\/saintlouisnews.sn\/?p=5327"},"modified":"2024-11-30T22:57:32","modified_gmt":"2024-11-30T22:57:32","slug":"administration-francophone-et-europeenne-en-medecine-et-odontologie-aufemo-presidence-de-la-zone-afrique-ousmane-ndiaye-porte-au-pinacle","status":"publish","type":"post","link":"https:\/\/saintlouisnews.sn\/?p=5327","title":{"rendered":"Administration francophone et europ\u00e9enne en M\u00e9decine et odontologie (AUFEMO) : Pr\u00e9sidence de la zone Afrique: Ousmane NDIAYE port\u00e9 au pinacle"},"content":{"rendered":"\n<p>Ousmane NDIAYE a \u00e9t\u00e9 \u00e9lu \u00e0 l\u2019unanimit\u00e9 Pr\u00e9sident de la zone Afrique de l\u2019Administration francophone et europ\u00e9enne en M\u00e9decine et odontologie (AUFEMO). Une distinction qu\u2019il a re\u00e7ue lors de la 41e session des JEFAC tenue \u00e0 la facult\u00e9 de m\u00e9decine de Nancy Lorraine.<\/p>\n\n\n\n<p>L\u2019AUFEMO, pr\u00e9sid\u00e9e par M. Gilbert Vicente, pr\u00e9sident de l\u2019AUFEMO, joue un r\u00f4le cl\u00e9 en proposant une logistique administrative d\u00e9di\u00e9e \u00e0 l\u2019appui de la p\u00e9dagogie dans les domaines de la m\u00e9decine et de l\u2019odontologie.<\/p>\n\n\n\n<p>Occasion pour\u00a0<a href=\"https:\/\/senego.com\/la-barriere-familiale-ne-doit-pas-constituer-un-frein-pour-lutilisation-dune-competence-ousmane-ndiaye-diomaye-president_1728143.html\">Ousmane Ndiaye, chef des services administratifs de l\u2019UFR des Sciences de la Sant\u00e9<\/a>, de l&rsquo;UGB, a rendu un \u00ab\u00a0<em>vibrant hommage \u00e0 ce grand peuple s\u00e9n\u00e9galais qui, en l\u2019espace de 10 mois, a \u00e9lu un pr\u00e9sident d\u00e9mocratiquement et a donn\u00e9 une majorit\u00e9 absolue \u00e0 son premier Ousmane Sonko, dans un climat de paix et de d\u00e9mocratie<\/em>\u00ab\u00a0.<\/p>\n\n\n\n<p>aAsignaler que que la rencontre se l&rsquo;AUFEMO a rassembl\u00e9 des responsables administratifs francophones venus d\u2019Europe (Roumanie, Luxembourg\u2026) de la Chine et d\u2019Afrique (Tunisie, Maroc, S\u00e9n\u00e9gal\u2026), autour d\u2019un objectif commun : \u00e9changer des bonnes pratiques et renforcer les liens entre \u00e9tablissements francophones.<\/p>\n","protected":false},"excerpt":{"rendered":"<p>Ousmane NDIAYE a \u00e9t\u00e9 \u00e9lu \u00e0 l\u2019unanimit\u00e9 Pr\u00e9sident de la zone Afrique de l\u2019Administration francophone et europ\u00e9enne en M\u00e9decine et odontologie (AUFEMO). Une distinction qu\u2019il a re\u00e7ue lors de la 41e session des JEFAC tenue \u00e0 la facult\u00e9 de m\u00e9decine de Nancy Lorraine. L\u2019AUFEMO, pr\u00e9sid\u00e9e par M. Gilbert Vicente, pr\u00e9sident de l\u2019AUFEMO, joue un r\u00f4le &hellip;<\/p>\n","protected":false},"author":1,"featured_media":5329,"comment_status":"open","ping_status":"open","sticky":false,"template":"","format":"standard","meta":{"footnotes":""},"categories":[218,219],"tags":[],"class_list":["post-5327","post","type-post","status-publish","format-standard","has-post-thumbnail","hentry","category-a-laune","category-actualites"],"_links":{"self":[{"href":"https:\/\/saintlouisnews.sn\/index.php?rest_route=\/wp\/v2\/posts\/5327","targetHints":{"allow":["GET"]}}],"collection":[{"href":"https:\/\/saintlouisnews.sn\/index.php?rest_route=\/wp\/v2\/posts"}],"about":[{"href":"https:\/\/saintlouisnews.sn\/index.php?rest_route=\/wp\/v2\/types\/post"}],"author":[{"embeddable":true,"href":"https:\/\/saintlouisnews.sn\/index.php?rest_route=\/wp\/v2\/users\/1"}],"replies":[{"embeddable":true,"href":"https:\/\/saintlouisnews.sn\/index.php?rest_route=%2Fwp%2Fv2%2Fcomments&post=5327"}],"version-history":[{"count":1,"href":"https:\/\/saintlouisnews.sn\/index.php?rest_route=\/wp\/v2\/posts\/5327\/revisions"}],"predecessor-version":[{"id":5330,"href":"https:\/\/saintlouisnews.sn\/index.php?rest_route=\/wp\/v2\/posts\/5327\/revisions\/5330"}],"wp:featuredmedia":[{"embeddable":true,"href":"https:\/\/saintlouisnews.sn\/index.php?rest_route=\/wp\/v2\/media\/5329"}],"wp:attachment":[{"href":"https:\/\/saintlouisnews.sn\/index.php?rest_route=%2Fwp%2Fv2%2Fmedia&parent=5327"}],"wp:term":[{"taxonomy":"category","embeddable":true,"href":"https:\/\/saintlouisnews.sn\/index.php?rest_route=%2Fwp%2Fv2%2Fcategories&post=5327"},{"taxonomy":"post_tag","embeddable":true,"href":"https:\/\/saintlouisnews.sn\/index.php?rest_route=%2Fwp%2Fv2%2Ftags&post=5327"}],"curies":[{"name":"wp","href":"https:\/\/api.w.org\/{rel}","templated":true}]}}