{"id":5352,"date":"2024-12-09T23:51:01","date_gmt":"2024-12-09T23:51:01","guid":{"rendered":"https:\/\/saintlouisnews.sn\/?p=5352"},"modified":"2024-12-09T23:51:02","modified_gmt":"2024-12-09T23:51:02","slug":"lancement-de-la-semaine-nationale-de-la-petite-enfance-et-de-la-case-des-tout-petits","status":"publish","type":"post","link":"https:\/\/saintlouisnews.sn\/?p=5352","title":{"rendered":"Lancement de la semaine nationale de la Petite-enfance et de la Case des Tout-petits"},"content":{"rendered":"\n<p>Le ministre de l\u2019\u00e9ducation nationale n\u2019y est pas all\u00e9 par quatre chemins pour dire ses quatre v\u00e9rit\u00e9s aux parents.<\/p>\n\n\n\n<p>Le ministre de L&rsquo;\u00c9ducation nationale invite les parents \u00e0 un \u00ab\u00a0changement de comportement\u00a0\u00bb<\/p>\n\n\n\n<p> \u00ab\u00a0Nous devons repenser nos rapport avec la petite enfance, nous ne cessons depuis quelques si\u00e8cles d&rsquo;orienter n\u00e9gativement la petite enfance. Et ce que nous sommes en train de vivre en terme de comportements et de valeurs, n&rsquo;est en r\u00e9alit\u00e9 qu&rsquo;une cons\u00e9quence de nos d\u00e9fauts en tant que parents. Nous sommes tr\u00e8s press\u00e9s, tellement press\u00e9s que souvent nous sommes les premiers \u00e0 d\u00e9tourner nos enfants de leurs vocations en nous inspirant du voisin dont l&rsquo;enfant est revenu des \u00c9tats-Unis en construisant des immeubles. Nous nous inspirons du voisin qui a gar\u00e9 devant chez nous une belle Mercedes et petit \u00e0 petit, nous orientons l&rsquo;enfant qui quitte l&rsquo;axe de son destin pour vivre autre chose o\u00f9 d&rsquo;autres r\u00e9alit\u00e9s qui ne sont pas les tiens\u00a0\u00bb, a fait savoir le ministre de l\u2019\u00e9ducation nationale pour qui \u00ab\u00a0l&rsquo;enfant doit \u00eatre aim\u00e9, observ\u00e9, encadr\u00e9. Il faut reconna\u00eetre en chaque enfant un potentiel\u00a0\u00bb.<\/p>\n","protected":false},"excerpt":{"rendered":"<p>Le ministre de l\u2019\u00e9ducation nationale n\u2019y est pas all\u00e9 par quatre chemins pour dire ses quatre v\u00e9rit\u00e9s aux parents. Le ministre de L&rsquo;\u00c9ducation nationale invite les parents \u00e0 un \u00ab\u00a0changement de comportement\u00a0\u00bb \u00ab\u00a0Nous devons repenser nos rapport avec la petite enfance, nous ne cessons depuis quelques si\u00e8cles d&rsquo;orienter n\u00e9gativement la petite enfance. Et ce que &hellip;<\/p>\n","protected":false},"author":1,"featured_media":5353,"comment_status":"open","ping_status":"open","sticky":false,"template":"","format":"standard","meta":{"footnotes":""},"categories":[218,219],"tags":[],"class_list":["post-5352","post","type-post","status-publish","format-standard","has-post-thumbnail","hentry","category-a-laune","category-actualites"],"_links":{"self":[{"href":"https:\/\/saintlouisnews.sn\/index.php?rest_route=\/wp\/v2\/posts\/5352","targetHints":{"allow":["GET"]}}],"collection":[{"href":"https:\/\/saintlouisnews.sn\/index.php?rest_route=\/wp\/v2\/posts"}],"about":[{"href":"https:\/\/saintlouisnews.sn\/index.php?rest_route=\/wp\/v2\/types\/post"}],"author":[{"embeddable":true,"href":"https:\/\/saintlouisnews.sn\/index.php?rest_route=\/wp\/v2\/users\/1"}],"replies":[{"embeddable":true,"href":"https:\/\/saintlouisnews.sn\/index.php?rest_route=%2Fwp%2Fv2%2Fcomments&post=5352"}],"version-history":[{"count":1,"href":"https:\/\/saintlouisnews.sn\/index.php?rest_route=\/wp\/v2\/posts\/5352\/revisions"}],"predecessor-version":[{"id":5354,"href":"https:\/\/saintlouisnews.sn\/index.php?rest_route=\/wp\/v2\/posts\/5352\/revisions\/5354"}],"wp:featuredmedia":[{"embeddable":true,"href":"https:\/\/saintlouisnews.sn\/index.php?rest_route=\/wp\/v2\/media\/5353"}],"wp:attachment":[{"href":"https:\/\/saintlouisnews.sn\/index.php?rest_route=%2Fwp%2Fv2%2Fmedia&parent=5352"}],"wp:term":[{"taxonomy":"category","embeddable":true,"href":"https:\/\/saintlouisnews.sn\/index.php?rest_route=%2Fwp%2Fv2%2Fcategories&post=5352"},{"taxonomy":"post_tag","embeddable":true,"href":"https:\/\/saintlouisnews.sn\/index.php?rest_route=%2Fwp%2Fv2%2Ftags&post=5352"}],"curies":[{"name":"wp","href":"https:\/\/api.w.org\/{rel}","templated":true}]}}