{"id":5423,"date":"2024-12-30T23:19:52","date_gmt":"2024-12-30T23:19:52","guid":{"rendered":"https:\/\/saintlouisnews.sn\/?p=5423"},"modified":"2024-12-31T08:46:08","modified_gmt":"2024-12-31T08:46:08","slug":"faly-seck-maire-de-ross-bethio-nous-devons-reevaluer-les-terres-attribuees","status":"publish","type":"post","link":"https:\/\/saintlouisnews.sn\/?p=5423","title":{"rendered":"Faly SECK Maire de Ross B\u00e9thio \u00ab\u00a0Nous devons r\u00e9\u00e9valuer les terres attribu\u00e9es&#8230;\u00bb"},"content":{"rendered":"\n<p><strong><em>Le budget de la commune de Ross-B\u00e9thio s\u2019\u00e9l\u00e8ve \u00e0 357 millions de Fcfa. Pour le maire Faly SECK, la capitale du riz a un potentiel \u00e9norme avec un titre foncier inestimable. D\u2019apr\u00e8s lui, une \u00e9valuation approfondie de la zone industrielle de la commune est actuellement en cours. D\u2019ailleurs, des initiatives ont \u00e9t\u00e9 prises mais malheureusement \u00ab&nbsp;aucune installation concr\u00e8te n&rsquo;a encore \u00e9t\u00e9 r\u00e9alis\u00e9e pour valoriser cette zone&nbsp;\u00bb.<\/em><\/strong><\/p>\n\n\n\n<p>\u00abCertains entrepreneurs ont m\u00eame quitt\u00e9 la commune apr\u00e8s avoir obtenu leur d\u00e9lib\u00e9ration, abandonnant les engagements pris. Cette situation soul\u00e8ve des interrogations sur la gestion du foncier local. Nous allons reprendre le contr\u00f4le du foncier non exploit\u00e9 afin de le r\u00e9affecter \u00e0 des projets structurels au b\u00e9n\u00e9fice des populations locales. Parmi ces initiatives figurent la cr\u00e9ation d&rsquo;infrastructures sociales de base, telles que des \u00e9coles, des centres de sant\u00e9 et des espaces publics&nbsp;\u00bb. La r\u00e9v\u00e9lation a \u00e9t\u00e9 faite par le successeur de B\u00e9caye DIOP.<\/p>\n\n\n\n<p>Pour l\u2019\u00e9dile, un accent particulier sera mis sur la n\u00e9cessit\u00e9 d&rsquo;am\u00e9liorer la qualit\u00e9 de vie de ses mandants. \u00ab\u00a0Nous avons envisag\u00e9 la construction d&rsquo;une gare pour gros porteurs, destin\u00e9e \u00e0 d\u00e9sengorger une voie publique souvent satur\u00e9e par ces v\u00e9hicules. Nous voulons am\u00e9liorer la mobilit\u00e9 et le cadre de vie des r\u00e9sidents de la commune. Nous allons r\u00e9\u00e9valuer les terres attribu\u00e9es et les mettre \u00e0 la disposition de projets utiles \u00e0 la population. Cela inclut \u00e9galement des espaces directement destin\u00e9s \u00e0 r\u00e9pondre aux besoins des citoyens. Mieux, une gestion optimale du patrimoine foncier communal sera effectu\u00e9 afin d\u2019\u00e9viter toute d\u00e9rive \u00e0 l&rsquo;avenir\u00a0\u00bb, a-t-il annonc\u00e9 avant d\u2019ajouter qu\u2019un \u00ab\u00a0audit complet sera fait sur le foncier\u00a0\u00bb. D\u2019apr\u00e8s Faly SECK, cet \u00ab\u00a0exercice de transparence vise \u00e0 dresser un \u00e9tat des lieux sur l&rsquo;utilisation r\u00e9elle des terres attribu\u00e9es et \u00e0 identifier les \u00e9ventuels manquements pour mieux \u00eatre en phase \u00e0 la politique d\u00e9finie par les nouvelles autorit\u00e9s\u00a0\u00bb.<\/p>\n","protected":false},"excerpt":{"rendered":"<p>Le budget de la commune de Ross-B\u00e9thio s\u2019\u00e9l\u00e8ve \u00e0 357 millions de Fcfa. Pour le maire Faly SECK, la capitale du riz a un potentiel \u00e9norme avec un titre foncier inestimable. D\u2019apr\u00e8s lui, une \u00e9valuation approfondie de la zone industrielle de la commune est actuellement en cours. D\u2019ailleurs, des initiatives ont \u00e9t\u00e9 prises mais malheureusement &hellip;<\/p>\n","protected":false},"author":1,"featured_media":5425,"comment_status":"open","ping_status":"open","sticky":false,"template":"","format":"standard","meta":{"footnotes":""},"categories":[218,219],"tags":[],"class_list":["post-5423","post","type-post","status-publish","format-standard","has-post-thumbnail","hentry","category-a-laune","category-actualites"],"_links":{"self":[{"href":"https:\/\/saintlouisnews.sn\/index.php?rest_route=\/wp\/v2\/posts\/5423","targetHints":{"allow":["GET"]}}],"collection":[{"href":"https:\/\/saintlouisnews.sn\/index.php?rest_route=\/wp\/v2\/posts"}],"about":[{"href":"https:\/\/saintlouisnews.sn\/index.php?rest_route=\/wp\/v2\/types\/post"}],"author":[{"embeddable":true,"href":"https:\/\/saintlouisnews.sn\/index.php?rest_route=\/wp\/v2\/users\/1"}],"replies":[{"embeddable":true,"href":"https:\/\/saintlouisnews.sn\/index.php?rest_route=%2Fwp%2Fv2%2Fcomments&post=5423"}],"version-history":[{"count":2,"href":"https:\/\/saintlouisnews.sn\/index.php?rest_route=\/wp\/v2\/posts\/5423\/revisions"}],"predecessor-version":[{"id":5426,"href":"https:\/\/saintlouisnews.sn\/index.php?rest_route=\/wp\/v2\/posts\/5423\/revisions\/5426"}],"wp:featuredmedia":[{"embeddable":true,"href":"https:\/\/saintlouisnews.sn\/index.php?rest_route=\/wp\/v2\/media\/5425"}],"wp:attachment":[{"href":"https:\/\/saintlouisnews.sn\/index.php?rest_route=%2Fwp%2Fv2%2Fmedia&parent=5423"}],"wp:term":[{"taxonomy":"category","embeddable":true,"href":"https:\/\/saintlouisnews.sn\/index.php?rest_route=%2Fwp%2Fv2%2Fcategories&post=5423"},{"taxonomy":"post_tag","embeddable":true,"href":"https:\/\/saintlouisnews.sn\/index.php?rest_route=%2Fwp%2Fv2%2Ftags&post=5423"}],"curies":[{"name":"wp","href":"https:\/\/api.w.org\/{rel}","templated":true}]}}