{"id":5461,"date":"2025-01-05T20:00:20","date_gmt":"2025-01-05T20:00:20","guid":{"rendered":"https:\/\/saintlouisnews.sn\/?p=5461"},"modified":"2025-01-06T09:31:24","modified_gmt":"2025-01-06T09:31:24","slug":"dagana-vingt-deux-moulins-a-mil-remis-aux-femmes-lhonorable-mariama-diamanka-defend-leur-cause","status":"publish","type":"post","link":"https:\/\/saintlouisnews.sn\/?p=5461","title":{"rendered":"Dagana : Vingt-deux moulins \u00e0 mil remis aux femmes, l&rsquo;honorable Mariama DIAMANKA d\u00e9fend leur cause"},"content":{"rendered":"\n<figure class=\"wp-block-image size-large\"><img decoding=\"async\" src=\"https:\/\/saintlouisnews.sn\/wp-content\/uploads\/2025\/01\/WhatsApp-Image-2025-01-05-at-20.04.38-683x1024.jpeg\" alt=\"\" class=\"wp-image-5467\"\/><\/figure>\n\n\n\n<p>Dans le cadre du Programme d\u2019Urgence de Modernisation des Axes et territoires frontaliers (PUMA), un lot de 22 moulins \u00e0 mil ont \u00e9t\u00e9 remis, aux Groupements f\u00e9minins des communes du d\u00e9partement de Dagana, afin d\u2019all\u00e9ger les travaux de leurs membres et leur permettre de se lancer dans des Activit\u00e9s g\u00e9n\u00e9ratrices de Revenus (AGR).<\/p>\n\n\n\n<p>&nbsp;\u00ab\u00a0Nous sommes ici aujourd\u2019hui au nom de la coordonnatrice nationale du PUMA, Nd\u00e8ye Mari\u00e8me SAMB, et du ministre de la Famille et des Solidarit\u00e9s, Dr Maimouna DI\u00c9YE, pour remettre des moulins \u00e0 mil aux femmes du d\u00e9partement de Dagana\u2019\u2019, a d\u00e9clar\u00e9 Pape NIASS repr\u00e9sentant de la coordonnatrice nationale du PUMA \u00e0 la c\u00e9r\u00e9monie.<\/p>\n\n\n\n<p>L\u2019\u00e9v\u00e9nement s\u2019est tenu en pr\u00e9sence de la d\u00e9put\u00e9e Mariama DIAMANKA, membre de la commission D\u00e9veloppement durable \u00e0 l\u2019Assembl\u00e9e nationale et de la cheffe de service d\u00e9partemental du d\u00e9veloppement communautaire, Garmi MAN\u00c9.<\/p>\n\n\n\n<figure class=\"wp-block-image size-full\"><img decoding=\"async\" src=\"https:\/\/saintlouisnews.sn\/wp-content\/uploads\/2025\/01\/WhatsApp-Image-2025-01-05-at-20.09.31.jpeg\" alt=\"\" class=\"wp-image-5466\"\/><\/figure>\n\n\n\n<p>\u00ab\u00a0Avec ce mat\u00e9riel, les femmes verront leurs travaux all\u00e9g\u00e9s. Elles pourront \u00e9galement initier d\u2019autres Activit\u00e9s g\u00e9n\u00e9ratrices de Revenus un peu partout dans les communes du d\u00e9partement de Dagana. C\u2019est une occasion pour les actrices rurales de se lancer pleinement dans le d\u00e9veloppement \u00e0 travers des activit\u00e9s qui seront appuy\u00e9es par les services d\u00e9concentr\u00e9s de l\u2019Etat, dont celui du d\u00e9veloppement communautaire&nbsp;\u00bb, a signal\u00e9 M. NIASS.<\/p>\n\n\n\n<p>Quant \u00e1 Madame Garmi MAN\u00c9, cheffe de Service d\u00e9partementale du D\u00e9veloppement communautaire, elle a salu\u00e9 cette initiative du minist\u00e8re de la Femme et des Solidarit\u00e9s, qui a pour \u00ab\u00a0but de soutenir les femmes du d\u00e9partement qui \u00e9voluent dans des conditions assez pr\u00e9caires. Cette initiative vise \u00e0 accompagner les femmes dans leurs activit\u00e9s quotidiennes pour le d\u00e9veloppement \u00e9conomique et social de leurs communes. Elle va participer \u00e0 leur autonomisation financi\u00e8re\u2019\u2019, a-t-elle soutenu avant d&rsquo;inviter les femmes du d\u00e9partement \u00e0 \u00ab\u00a0faire bon usage du mat\u00e9riel\u00a0\u00bb qui leur a \u00e9t\u00e9 octroy\u00e9. Elles les a aussi  exhort\u00e9es \u00e0 participer davantage au d\u00e9veloppement \u00e9conomique et social, \u00e0 travers la mise en place d\u2019autres initiatives qui leur permettront d\u2019\u00eatre plus autonomes.<\/p>\n\n\n\n<p>L&rsquo;honorable d\u00e9put\u00e9e Mariama DIAMANKA plaide pour l&rsquo;autonomisation des femmes<\/p>\n\n\n\n<p>Cette c\u00e9r\u00e9monie de remise de mat\u00e9riels d&rsquo;all\u00e8gement a \u00e9t\u00e9 rehauss\u00e9e par la pr\u00e9sence de la    parlementaire Mariama DIAMANKA. La responsable de PASTEF qui a, de par son engagement, \u00e9t\u00e9 condamn\u00e9e,  s\u2019est r\u00e9jouie de cette initiative du d\u00e9partement de Maimouna DI\u00c9YE. \u00a0\u00bb Je salue vraiment  l&rsquo;acte qui est venu \u00e0 son heure.  C&rsquo;est ce qu&rsquo;on attendait des autorit\u00e9s. Le geste est noble m\u00eame \u00e7a ne comble les besoins. Nous esp\u00e9rons recevoir d&rsquo;autres dons pour accompagner davantage les femmes du d\u00e9partement de Dagana\u00a0\u00bb, a fait savoir l&rsquo;Honorable d\u00e9put\u00e9e. Mariama DIAMANKA estime que les femmes  m\u00e9ritent un accompagnement pour aller de l&rsquo;avant. D&rsquo;apr\u00e8s elle, ce  de son c\u00f4t\u00e9, ce \u00ab\u00a0don participe \u00e0 l&rsquo;am\u00e9lioration des conditions d&rsquo;existence des femmes\u00a0\u00bb avant de promettre de plaider en faveur des femmes lors des prochaines s\u00e9ances pl\u00e9ni\u00e8res \u00e0 l\u2019h\u00e9micycle. Dans ce sillage, la responsable de PASTEF Richard-Toll entend mener le combat pour une autonomisation des femmes. \u00ab\u00a0Nous allons soutenir les femmes dans divers domaines et formaliser leurs structures. Actuellement, nous sommes dans la phase de la formation pour mieux outiller les femmes qui doivent savoir l&rsquo;utilit\u00e9 des financements. Nous allons les soutenir dans la gestion et les suivre. Nous ne m\u00e9nagerons aucun effort pour l&rsquo;\u00e9mancipation des femmes et aimerions tout mettre en \u0153uvre pour all\u00e9ger leurs conditions et valoriser leur expertise\u00a0\u00bb, a-t-elle promis. <\/p>\n\n\n\n<p>La parlementaire plaide pour la diversification des dons. \u00ab\u00a0Nous sommes former les femmes \u00e0 travers les coop\u00e9ratives communales pour assurer leur autonomisation, faciliter leur acc\u00e8s aux terres, le financement des produits de semences pour l&rsquo;agriculture et pour l&rsquo;\u00e9levage avec le projet \u00ab\u00a0une femme une brebis\u00a0\u00bb pour booster leurs activit\u00e9s\u00a0\u00bb.  <\/p>\n\n\n\n<p>Se pronon\u00e7ant sur le secteur de la sant\u00e9, elle souhaite l&rsquo;augmentation des postes de sant\u00e9 dans les zones recul\u00e9es. Nous souhaitons relever le plateau de technique des h\u00f4pitaux de Richard-Toll et de Dagana et les \u00e9lever au niveau 2&Prime;, a conclu Mariama DIAMANKA.<\/p>\n\n\n\n<p><\/p>\n","protected":false},"excerpt":{"rendered":"<p>Dans le cadre du Programme d\u2019Urgence de Modernisation des Axes et territoires frontaliers (PUMA), un lot de 22 moulins \u00e0 mil ont \u00e9t\u00e9 remis, aux Groupements f\u00e9minins des communes du d\u00e9partement de Dagana, afin d\u2019all\u00e9ger les travaux de leurs membres et leur permettre de se lancer dans des Activit\u00e9s g\u00e9n\u00e9ratrices de Revenus (AGR). &nbsp;\u00ab\u00a0Nous sommes &hellip;<\/p>\n","protected":false},"author":1,"featured_media":0,"comment_status":"open","ping_status":"open","sticky":false,"template":"","format":"standard","meta":{"footnotes":""},"categories":[218,219,228,229,231],"tags":[],"class_list":["post-5461","post","type-post","status-publish","format-standard","hentry","category-a-laune","category-actualites","category-politique","category-saint-louis","category-societe"],"_links":{"self":[{"href":"https:\/\/saintlouisnews.sn\/index.php?rest_route=\/wp\/v2\/posts\/5461","targetHints":{"allow":["GET"]}}],"collection":[{"href":"https:\/\/saintlouisnews.sn\/index.php?rest_route=\/wp\/v2\/posts"}],"about":[{"href":"https:\/\/saintlouisnews.sn\/index.php?rest_route=\/wp\/v2\/types\/post"}],"author":[{"embeddable":true,"href":"https:\/\/saintlouisnews.sn\/index.php?rest_route=\/wp\/v2\/users\/1"}],"replies":[{"embeddable":true,"href":"https:\/\/saintlouisnews.sn\/index.php?rest_route=%2Fwp%2Fv2%2Fcomments&post=5461"}],"version-history":[{"count":1,"href":"https:\/\/saintlouisnews.sn\/index.php?rest_route=\/wp\/v2\/posts\/5461\/revisions"}],"predecessor-version":[{"id":5463,"href":"https:\/\/saintlouisnews.sn\/index.php?rest_route=\/wp\/v2\/posts\/5461\/revisions\/5463"}],"wp:attachment":[{"href":"https:\/\/saintlouisnews.sn\/index.php?rest_route=%2Fwp%2Fv2%2Fmedia&parent=5461"}],"wp:term":[{"taxonomy":"category","embeddable":true,"href":"https:\/\/saintlouisnews.sn\/index.php?rest_route=%2Fwp%2Fv2%2Fcategories&post=5461"},{"taxonomy":"post_tag","embeddable":true,"href":"https:\/\/saintlouisnews.sn\/index.php?rest_route=%2Fwp%2Fv2%2Ftags&post=5461"}],"curies":[{"name":"wp","href":"https:\/\/api.w.org\/{rel}","templated":true}]}}