{"id":5475,"date":"2025-01-06T23:43:18","date_gmt":"2025-01-06T23:43:18","guid":{"rendered":"https:\/\/saintlouisnews.sn\/?p=5475"},"modified":"2025-01-06T23:43:20","modified_gmt":"2025-01-06T23:43:20","slug":"mbaye-ndiaye-tilala-artiste-compositeur-jinvite-diomaye-sonko-a-eviter-la-chasse-aux-sorcieres","status":"publish","type":"post","link":"https:\/\/saintlouisnews.sn\/?p=5475","title":{"rendered":"Mbaye Ndiaye Tilala artiste-compositeur   \u00ab\u00a0J\u2019invite Diomaye-Sonko \u00e0 \u00e9viter la chasse aux sorci\u00e8res\u00a0\u00bb"},"content":{"rendered":"\n<p><strong><em>De sa voix chaude et gutturale,\u00a0 transpire un talent inn\u00e9 et\u00a0 incontestable fortement appr\u00e9ci\u00e9 sur l\u2019espace culturel local. Comme en atteste sa derni\u00e8re prestation lors du passage au nouvel an o\u00f9 il a captiv\u00e9 son auditoire dans une ambiance f\u00e9\u00e9rique \u00e0 la place Baya Ndar (Ex Faidherbe). Mais, en d\u00e9pit de son immense potentiel perceptible dans le multi registre vocal (khawar\u00e9, chants religieux, mbalax, folk), qu\u2019il maitrise \u00e0 merveille, Mbaye NDIAYE \u00ab\u00a0Tilila\u00a0\u00bb, tarde \u00e0 percer v\u00e9ritablement sur le plan national voire international. La faute aux occupations politiques o\u00f9 l\u2019animation des rassemblements lui prenait beaucoup de son temps. Toutefois, le jeune artiste de Diamagu\u00e8ne qui a fourbi ses armes dans la capitale du Ndiambour au rythme des percussions, semble avoir pris un nouvel \u00e9lan pour booster sa carri\u00e8re musicale.<\/em><\/strong><\/p>\n\n\n\n<p>\u00ab C\u2019est vrai que j\u2019ai perdu \u00e9norm\u00e9ment de temps avec les activit\u00e9s politiques au d\u00e9triment d\u2019un plein engagement dans l\u2019\u0153uvre musicale. Mais, je ne regrette rien car, ce passage dans l\u2019ar\u00e8ne politique m\u2019a permis \u00e9galement de rencontrer des personnes exceptionnelles, dont le maire Mansour Faye que je soutiens sans r\u00e9serve\u00a0\u00bb, souligne l\u2019artiste-compositeur avant de pr\u00e9ciser qu\u2019il entretient de bonnes relations avec tous les dignes fils du terroir. Quid des nouvelles autorit\u00e9s au pouvoir depuis mars dernier\u00a0? Il affirme qu\u2019il en connait certaines, notamment la Directrice g\u00e9n\u00e9rale de l\u2019Office des Lacs et des Cours d\u2019eau (Olac) Diarra SOW, une native de son quartier et le Directeur du Centre r\u00e9gional des \u0152uvres universitaires et sociales de Saint-Louis (CROUS) Dr Babacar DIOP.<\/p>\n\n\n\n<p>Leader d\u2019opinion, Mbaye Ndiaye \u00ab\u00a0Titala\u00bb, fils d\u2019un ancien policier, a re\u00e7u une \u00e9ducation rigoureuse. \u00ab\u00a0Mon p\u00e8re prenait toujours le soin de nous contr\u00f4ler. Il veillait scrupuleusement sur notre \u00e9ducation\u00a0\u00bb, se rappelle Mbaye NDIAYE dont un des membres de sa famille battait le tambour pour la grande diva Diabou SECK \u00ab\u00a0La saint-louisienne\u00a0\u00bb. Il s\u2019enorgueillit de ses racines et estime que les populations doivent tirer leur \u00e9pingle du jeu et jouer pleinement leur partition pour le d\u00e9veloppement du S\u00e9n\u00e9gal. C\u2019est pourquoi, il les invite \u00e0 s\u2019armer d\u2019une conscience citoyenne pour accompagner le nouveau pouvoir, dont la r\u00e9ussite b\u00e9n\u00e9ficiera \u00e0 tout le monde. \u00abChaque citoyen doit apporter un plus, changer de comportement et \u0153uvrer pour un S\u00e9n\u00e9gal \u00e9mergent et de paix. Le peuple s\u00e9n\u00e9galais a accord\u00e9 sa confiance \u00e0 la nouvelle \u00e9quipe dirigeante, en lui donnant les pleins pouvoirs, nous devons tous les accompagner pour un d\u00e9veloppement du pays. Toutes les \u00e9nergies doivent \u00eatre consacr\u00e9es \u00e0 la r\u00e9solution des pr\u00e9occupations des populations. Bien entendu, l\u2019opposition va jouer son r\u00f4le r\u00e9publicain, la soci\u00e9t\u00e9 civile aussi et le pouvoir va gouverner, c\u2019est l\u2019ordre naturel des choses\u00a0\u00bb, ajoute-t-il. Pour le compositeur du morceau \u00ab\u00a0Taaw\u00a0\u00bb, le S\u00e9n\u00e9gal est un et indivisible et m\u00e9rite plus d\u2019\u00e9gard et de responsabilit\u00e9. \u00ab\u00a0Nous avons un pays o\u00f9 la d\u00e9mocratie est aur\u00e9ol\u00e9e partout \u00e0 travers le monde. Notre nation est stable. En 24 ans, nous avons connu trois alternances. C\u2019est la raison pour laquelle, j\u2019invite Diomaye-Sonko \u00e0 \u00e9viter la chasse aux sorci\u00e8res. Ce n\u2019est jamais bon quand l\u2019esprit de vengeance s\u2019installe et le S\u00e9n\u00e9gal est confront\u00e9 \u00e0 de nombreux et urgents d\u00e9fis \u00e0 relever\u00a0\u00bb, pr\u00e9cise-t-il. Parlant du sport, il regrette la situation de Saint-Louis. \u00ab\u00a0C\u2019est honteux de voire la Lingu\u00e8re recevoir ses matches \u00e0 Louga ou \u00e0 K\u00e9b\u00e9mer. Nous devons r\u00e9habiliter le stade Mawade WADE pour recevoir \u00e0 domicile et b\u00e9n\u00e9ficier du soutien du public\u00a0\u00bb, signale l\u2019ancien gardien de but qui a marqu\u00e9 les nav\u00e9tanes \u00e0 Saint-Louis. Artiste de renomm\u00e9e internationale, Mbaye NDIAYE d\u00e9crie avec d\u00e9solation la situation culturelle de la vieille ville. \u00abNous exigeons un centre culturel r\u00e9gional digne de ce nom avec une salle d\u2019enregistrement pour permettre aux g\u00e9nies culturels de Ndar d\u2019\u00e9clore\u00a0\u00bb, souhaite-t-il avant d\u2019appeler les jeunes \u00e0 arr\u00eater de risquer leur vie. \u00ab\u00a0Ce que nous voyons quotidiennement est inexplicable et d\u00e9solant. Des jeunes empruntent des pirogues de fortune pour braver les dures conditions de travers\u00e9e de la mer esp\u00e9rant trouver l\u2019Eldorado en Europe ou en Am\u00e9rique en passant par Nicaragua. L\u2019\u00e9migration clandestine a beaucoup tu\u00e9. Des programmes ont \u00e9t\u00e9 \u00e9labor\u00e9s mais les r\u00e9sultats escompt\u00e9s n\u2019ont pas \u00e9t\u00e9 atteints\u00a0\u00bb, se d\u00e9sole-t-il annon\u00e7ant une tourn\u00e9e internationale durant l\u2019ann\u00e9e 2025 et la sortie d\u2019un troisi\u00e8me album.<\/p>\n","protected":false},"excerpt":{"rendered":"<p>De sa voix chaude et gutturale,\u00a0 transpire un talent inn\u00e9 et\u00a0 incontestable fortement appr\u00e9ci\u00e9 sur l\u2019espace culturel local. Comme en atteste sa derni\u00e8re prestation lors du passage au nouvel an o\u00f9 il a captiv\u00e9 son auditoire dans une ambiance f\u00e9\u00e9rique \u00e0 la place Baya Ndar (Ex Faidherbe). Mais, en d\u00e9pit de son immense potentiel perceptible &hellip;<\/p>\n","protected":false},"author":1,"featured_media":5476,"comment_status":"open","ping_status":"open","sticky":false,"template":"","format":"standard","meta":{"footnotes":""},"categories":[218,219],"tags":[],"class_list":["post-5475","post","type-post","status-publish","format-standard","has-post-thumbnail","hentry","category-a-laune","category-actualites"],"_links":{"self":[{"href":"https:\/\/saintlouisnews.sn\/index.php?rest_route=\/wp\/v2\/posts\/5475","targetHints":{"allow":["GET"]}}],"collection":[{"href":"https:\/\/saintlouisnews.sn\/index.php?rest_route=\/wp\/v2\/posts"}],"about":[{"href":"https:\/\/saintlouisnews.sn\/index.php?rest_route=\/wp\/v2\/types\/post"}],"author":[{"embeddable":true,"href":"https:\/\/saintlouisnews.sn\/index.php?rest_route=\/wp\/v2\/users\/1"}],"replies":[{"embeddable":true,"href":"https:\/\/saintlouisnews.sn\/index.php?rest_route=%2Fwp%2Fv2%2Fcomments&post=5475"}],"version-history":[{"count":1,"href":"https:\/\/saintlouisnews.sn\/index.php?rest_route=\/wp\/v2\/posts\/5475\/revisions"}],"predecessor-version":[{"id":5477,"href":"https:\/\/saintlouisnews.sn\/index.php?rest_route=\/wp\/v2\/posts\/5475\/revisions\/5477"}],"wp:featuredmedia":[{"embeddable":true,"href":"https:\/\/saintlouisnews.sn\/index.php?rest_route=\/wp\/v2\/media\/5476"}],"wp:attachment":[{"href":"https:\/\/saintlouisnews.sn\/index.php?rest_route=%2Fwp%2Fv2%2Fmedia&parent=5475"}],"wp:term":[{"taxonomy":"category","embeddable":true,"href":"https:\/\/saintlouisnews.sn\/index.php?rest_route=%2Fwp%2Fv2%2Fcategories&post=5475"},{"taxonomy":"post_tag","embeddable":true,"href":"https:\/\/saintlouisnews.sn\/index.php?rest_route=%2Fwp%2Fv2%2Ftags&post=5475"}],"curies":[{"name":"wp","href":"https:\/\/api.w.org\/{rel}","templated":true}]}}