{"id":5490,"date":"2025-01-09T19:36:15","date_gmt":"2025-01-09T19:36:15","guid":{"rendered":"https:\/\/saintlouisnews.sn\/?p=5490"},"modified":"2025-01-09T19:38:13","modified_gmt":"2025-01-09T19:38:13","slug":"ief-de-saint-louis-11-classes-vont-demarrer-lapprentissage-de-langlais-au-prescolaire-et-a-lelementaire","status":"publish","type":"post","link":"https:\/\/saintlouisnews.sn\/?p=5490","title":{"rendered":"IEF de Saint-Louis: 11 classes vont d\u00e9marrer l\u2019apprentissage de l\u2019anglais au pr\u00e9scolaire et \u00e0 l\u2019\u00e9l\u00e9mentaire"},"content":{"rendered":"\n<p>Onze classes choisies dans neuf \u00e9coles de l\u2019Inspection de l\u2019Education et de la Formation (IEF) de Saint-Louis \u00e0 Saint-Louis vont d\u00e9marrer l\u2019enseignement de l\u2019anglais dans les \u00e9coles maternelles et \u00e9l\u00e9mentaires \u00e0 partir du 14 janvier, a appris l\u2019APS.Plusieurs \u00e9tapes ont \u00e9t\u00e9 d\u00e9j\u00e0 franchies pour arriver \u00e0 cet objectif, r\u00e9v\u00e8le une note de Amadou Al Housseynou Sarr, Inspecteur de l\u2019Education et de la Formation (IEF) de Saint-Louis commune, rendant compte d\u2019une rencontre de partage tenue mercredi dernier.Dans le document dont l\u2019APS a eu connaissance, il cite notamment l\u2019enr\u00f4lement des enseignants et leur formation.L\u2019IEF de Saint-Louis commune a soulign\u00e9 que le programme d\u2019enseignement de l\u2019anglais est tr\u00e8s innovant avec beaucoup de bonnes perspectives.Il a expliqu\u00e9 que le choix est bas\u00e9 sur des crit\u00e8res bien d\u00e9finis, dont le profil des enseignants.L\u2019enseignement de l\u2019anglais concerne d\u2019abord les \u00e9l\u00e8ves de CM1 et des pensionnaires des classes de petite section \u00e0 la maternelle.L\u2019IEF a rappel\u00e9 l\u2019ambition du minist\u00e8re de l\u2019Education de promouvoir le bilinguisme mat\u00e9rialis\u00e9 avec l\u2019introduction des langues nationales dans les enseignements-apprentissages \u00e0 l\u2019\u00e9l\u00e9mentaire.Il s\u2019agit d\u2019introduire officiellement l\u2019enseignement de l\u2019anglais dans certaines \u00e9coles publiques du S\u00e9n\u00e9gal avec pour objectif de passer plus tard \u00e0 la g\u00e9n\u00e9ralisation.<\/p>\n","protected":false},"excerpt":{"rendered":"<p>Onze classes choisies dans neuf \u00e9coles de l\u2019Inspection de l\u2019Education et de la Formation (IEF) de Saint-Louis \u00e0 Saint-Louis vont d\u00e9marrer l\u2019enseignement de l\u2019anglais dans les \u00e9coles maternelles et \u00e9l\u00e9mentaires \u00e0 partir du 14 janvier, a appris l\u2019APS.Plusieurs \u00e9tapes ont \u00e9t\u00e9 d\u00e9j\u00e0 franchies pour arriver \u00e0 cet objectif, r\u00e9v\u00e8le une note de Amadou Al Housseynou &hellip;<\/p>\n","protected":false},"author":1,"featured_media":5491,"comment_status":"open","ping_status":"open","sticky":false,"template":"","format":"standard","meta":{"footnotes":""},"categories":[218,219],"tags":[],"class_list":["post-5490","post","type-post","status-publish","format-standard","has-post-thumbnail","hentry","category-a-laune","category-actualites"],"_links":{"self":[{"href":"https:\/\/saintlouisnews.sn\/index.php?rest_route=\/wp\/v2\/posts\/5490","targetHints":{"allow":["GET"]}}],"collection":[{"href":"https:\/\/saintlouisnews.sn\/index.php?rest_route=\/wp\/v2\/posts"}],"about":[{"href":"https:\/\/saintlouisnews.sn\/index.php?rest_route=\/wp\/v2\/types\/post"}],"author":[{"embeddable":true,"href":"https:\/\/saintlouisnews.sn\/index.php?rest_route=\/wp\/v2\/users\/1"}],"replies":[{"embeddable":true,"href":"https:\/\/saintlouisnews.sn\/index.php?rest_route=%2Fwp%2Fv2%2Fcomments&post=5490"}],"version-history":[{"count":1,"href":"https:\/\/saintlouisnews.sn\/index.php?rest_route=\/wp\/v2\/posts\/5490\/revisions"}],"predecessor-version":[{"id":5492,"href":"https:\/\/saintlouisnews.sn\/index.php?rest_route=\/wp\/v2\/posts\/5490\/revisions\/5492"}],"wp:featuredmedia":[{"embeddable":true,"href":"https:\/\/saintlouisnews.sn\/index.php?rest_route=\/wp\/v2\/media\/5491"}],"wp:attachment":[{"href":"https:\/\/saintlouisnews.sn\/index.php?rest_route=%2Fwp%2Fv2%2Fmedia&parent=5490"}],"wp:term":[{"taxonomy":"category","embeddable":true,"href":"https:\/\/saintlouisnews.sn\/index.php?rest_route=%2Fwp%2Fv2%2Fcategories&post=5490"},{"taxonomy":"post_tag","embeddable":true,"href":"https:\/\/saintlouisnews.sn\/index.php?rest_route=%2Fwp%2Fv2%2Ftags&post=5490"}],"curies":[{"name":"wp","href":"https:\/\/api.w.org\/{rel}","templated":true}]}}