{"id":5535,"date":"2025-01-18T16:55:28","date_gmt":"2025-01-18T16:55:28","guid":{"rendered":"https:\/\/saintlouisnews.sn\/?p=5535"},"modified":"2025-01-18T17:03:17","modified_gmt":"2025-01-18T17:03:17","slug":"direction-generale-des-douanes-babacar-mbaye-un-homme-du-serail-pour-la-continuite","status":"publish","type":"post","link":"https:\/\/saintlouisnews.sn\/?p=5535","title":{"rendered":"Direction g\u00e9n\u00e9rale des douanes\u00a0: Babacar Mbaye, un homme du s\u00e9rail pour la continuit\u00e9"},"content":{"rendered":"\n<p><strong><em>L\u2019inspecteur principal des douanes de classe exceptionnelle, Babacar Mbaye, vient d\u2019\u00eatre nomm\u00e9 directeur g\u00e9n\u00e9ral des douanes s\u00e9n\u00e9galaises. N\u00e9 en 1975 \u00e0 Thi\u00e8s, cet homme discret mais efficace succ\u00e8de au Dr Mbaye Ndiaye, avec qui il partage une longue amiti\u00e9 et une fraternit\u00e9 forg\u00e9e dans le temps. Les deux hommes, respect\u00e9s dans leur domaine, ont su maintenir une relation fond\u00e9e sur la confiance et une vision commune du service public.\u00a0Cet ancien pensionnaire de Sanar, port\u00e9 au pinacle, est consid\u00e9r\u00e9 comme un homme \u00ab\u00a0s\u00e9rieux\u00a0\u00bb mais rigoureux et engag\u00e9.<\/em><\/strong><\/p>\n\n\n\n<p><strong><em>Une carri\u00e8re marqu\u00e9e par l\u2019excellence<\/em><\/strong><\/p>\n\n\n\n<p><br>Babacar Mbaye est un homme de s\u00e9rieux et de rigueur, reconnu pour son sens aigu de la v\u00e9rit\u00e9 et de la justice. Titulaire d\u2019une ma\u00eetrise en sociologie des organisations, obtenue apr\u00e8s un brillant passage \u00e0 l\u2019Universit\u00e9 Gaston Berger (UGB), il s\u2019est construit une solide carri\u00e8re de plus de 21 ans dans l\u2019administration douani\u00e8re. Cette institution, o\u00f9 il a gravi tous les \u00e9chelons, lui a permis d\u2019acqu\u00e9rir une expertise globale et d\u2019inspirer respect et admiration.<\/p>\n\n\n\n<p>Son passage \u00e0 l\u2019UGB, o\u00f9 il c\u00f4toyait bon nombre des figures actuelles du r\u00e9gime, a \u00e9t\u00e9 marqu\u00e9 par son intelligence et sa capacit\u00e9 \u00e0 f\u00e9d\u00e9rer. D\u00e9j\u00e0, il se distinguait par sa discipline et son engagement, des qualit\u00e9s qui l\u2019ont propuls\u00e9 au sommet de la hi\u00e9rarchie douani\u00e8re.<\/p>\n\n\n\n<p><strong><em>Des responsabilit\u00e9s cl\u00e9s, une vision claire<\/em><\/strong><\/p>\n\n\n\n<p>Avant d\u2019\u00eatre nomm\u00e9 directeur g\u00e9n\u00e9ral des douanes, Babacar Mbaye a occup\u00e9 des postes strat\u00e9giques. En tant que directeur des op\u00e9rations douani\u00e8res (Dod) depuis janvier 2023, il \u00e9tait responsable de la coordination des activit\u00e9s douani\u00e8res \u00e0 l\u2019\u00e9chelle nationale. Il a \u00e9galement \u00e9t\u00e9 chef de bureau \u00e0 Dakar-Port sud, chef de division \u00e0 Tambacounda, Kaolack et Dakar-Port, puis directeur r\u00e9gional des douanes du nord et de Dakar-Port. Ces missions ont forg\u00e9 en lui une vision globale des d\u00e9fis et opportunit\u00e9s de la gestion douani\u00e8re dans un contexte de mondialisation croissante.<\/p>\n\n\n\n<p>Son professionnalisme et son d\u00e9vouement lui ont valu plusieurs distinctions, dont le titre d\u2019officier de l\u2019Ordre du m\u00e9rite, la m\u00e9daille d\u2019honneur des douanes et la m\u00e9daille de l\u2019Organisation mondiale des douanes.&nbsp;<\/p>\n\n\n\n<p><strong><em>Un homme d\u2019espoir pour un secteur strat\u00e9gique<\/em><\/strong><\/p>\n\n\n\n<p>Le nouveau directeur g\u00e9n\u00e9ral des douanes h\u00e9rite d\u2019une institution strat\u00e9gique pour l\u2019\u00e9conomie s\u00e9n\u00e9galaise. Sous sa direction, les douanes devront continuer \u00e0 mobiliser les ressources financi\u00e8res de l\u2019\u00c9tat, \u00e0 faciliter les \u00e9changes commerciaux et \u00e0 intensifier la lutte contre la fraude et la contrebande. Babacar Mbaye, par son s\u00e9rieux et son sens de la responsabilit\u00e9, incarne cet espoir de continuit\u00e9 et de renouveau dans le Jub Jubal Jubanti.<\/p>\n\n\n\n<p>La nomination de Babacar Mbaye est salu\u00e9e par ses pairs et observateurs, qui voient en lui un leader comp\u00e9tent, respect\u00e9 et pr\u00eat \u00e0 relever les d\u00e9fis de demain. Les attentes sont grandes, mais son parcours t\u00e9moigne de sa capacit\u00e9 \u00e0 les surpasser.&nbsp;<\/p>\n","protected":false},"excerpt":{"rendered":"<p>L\u2019inspecteur principal des douanes de classe exceptionnelle, Babacar Mbaye, vient d\u2019\u00eatre nomm\u00e9 directeur g\u00e9n\u00e9ral des douanes s\u00e9n\u00e9galaises. N\u00e9 en 1975 \u00e0 Thi\u00e8s, cet homme discret mais efficace succ\u00e8de au Dr Mbaye Ndiaye, avec qui il partage une longue amiti\u00e9 et une fraternit\u00e9 forg\u00e9e dans le temps. Les deux hommes, respect\u00e9s dans leur domaine, ont su &hellip;<\/p>\n","protected":false},"author":1,"featured_media":5537,"comment_status":"open","ping_status":"open","sticky":false,"template":"","format":"standard","meta":{"footnotes":""},"categories":[218,219],"tags":[],"class_list":["post-5535","post","type-post","status-publish","format-standard","has-post-thumbnail","hentry","category-a-laune","category-actualites"],"_links":{"self":[{"href":"https:\/\/saintlouisnews.sn\/index.php?rest_route=\/wp\/v2\/posts\/5535","targetHints":{"allow":["GET"]}}],"collection":[{"href":"https:\/\/saintlouisnews.sn\/index.php?rest_route=\/wp\/v2\/posts"}],"about":[{"href":"https:\/\/saintlouisnews.sn\/index.php?rest_route=\/wp\/v2\/types\/post"}],"author":[{"embeddable":true,"href":"https:\/\/saintlouisnews.sn\/index.php?rest_route=\/wp\/v2\/users\/1"}],"replies":[{"embeddable":true,"href":"https:\/\/saintlouisnews.sn\/index.php?rest_route=%2Fwp%2Fv2%2Fcomments&post=5535"}],"version-history":[{"count":1,"href":"https:\/\/saintlouisnews.sn\/index.php?rest_route=\/wp\/v2\/posts\/5535\/revisions"}],"predecessor-version":[{"id":5536,"href":"https:\/\/saintlouisnews.sn\/index.php?rest_route=\/wp\/v2\/posts\/5535\/revisions\/5536"}],"wp:featuredmedia":[{"embeddable":true,"href":"https:\/\/saintlouisnews.sn\/index.php?rest_route=\/wp\/v2\/media\/5537"}],"wp:attachment":[{"href":"https:\/\/saintlouisnews.sn\/index.php?rest_route=%2Fwp%2Fv2%2Fmedia&parent=5535"}],"wp:term":[{"taxonomy":"category","embeddable":true,"href":"https:\/\/saintlouisnews.sn\/index.php?rest_route=%2Fwp%2Fv2%2Fcategories&post=5535"},{"taxonomy":"post_tag","embeddable":true,"href":"https:\/\/saintlouisnews.sn\/index.php?rest_route=%2Fwp%2Fv2%2Ftags&post=5535"}],"curies":[{"name":"wp","href":"https:\/\/api.w.org\/{rel}","templated":true}]}}