{"id":5593,"date":"2025-01-24T22:20:57","date_gmt":"2025-01-24T22:20:57","guid":{"rendered":"https:\/\/saintlouisnews.sn\/?p=5593"},"modified":"2025-01-24T22:20:58","modified_gmt":"2025-01-24T22:20:58","slug":"limmunite-parlementaire-du-depute-farba-ngom-levee","status":"publish","type":"post","link":"https:\/\/saintlouisnews.sn\/?p=5593","title":{"rendered":"L\u2019IMMUNITE PARLEMENTAIRE DU DEPUTE FARBA NGOM LEVEE"},"content":{"rendered":"\n<p>Sans surprise, l\u2019immunit\u00e9 parlementaire du d\u00e9put\u00e9 de Takku Wallu, Farba Ngom, a \u00e9t\u00e9 lev\u00e9e ce vendredi par la majorit\u00e9 des d\u00e9put\u00e9s de la 15e l\u00e9gislature. Au total, 130 d\u00e9put\u00e9s ont vot\u00e9, 3 ont vot\u00e9 contre et 3 autres se sont abstenus.Le parlementaire, vis\u00e9 par une enqu\u00eate du P\u00f4le judiciaire financier, est donc mis \u00e0 la disposition de la justice.<div>Venu assister \u00e0 la s\u00e9ance pl\u00e9ni\u00e8re consacrant la lev\u00e9e de l&rsquo;immunit\u00e9 parlementaire du d\u00e9put\u00e9, Mouhamadou Ngom dit Farba, le ministre de la Justice, garde des Sceaux, Me Ousmane Diagne est revenu  sur les motivations de la demande qui r\u00e9unit les parlementaires, ce vendredi 24 janvier 2025. \u00a0\u00bb Par lettre num\u00e9ro 5 du 3 janvier 2025, le procureur G\u00e9n\u00e9ral Pr\u00e8s de la Cour d&rsquo;Appel de Dakar, m&rsquo;a transmis , en ma qualit\u00e9 de Garde des Sceaux, Ministre de la Justice, un courrier par lequel, le procureur de la R\u00e9publique du Pool Financier sollicitait la lev\u00e9e de l&rsquo;immunit\u00e9 parlementaire du D\u00e9put\u00e9 Mouhamadou Ngom dit Farba. Ce magistrat expliquait avoir \u00e9t\u00e9 saisi par le 20 d\u00e9cembre 2024 , des rapports num\u00e9ro 41 et 51 de la Centif, mettant en exergue des faits susceptibles qualifi\u00e9s d&rsquo;association de malfaiteurs, blanchiment d&rsquo;argent&#8230;\u00a0\u00bb D&rsquo;apr\u00e8s le ministre de la Justice, Ousmane Diagne, toutes ses raisons ont motiv\u00e9 la saisie du pr\u00e9sident de l&rsquo;Assembl\u00e9e Nationale, El Malick Ndiaye pour la lev\u00e9e de l&rsquo;immunit\u00e9 parlementaire du d\u00e9put\u00e9 Farba Ngom.<\/div><\/p>\n","protected":false},"excerpt":{"rendered":"<p>Sans surprise, l\u2019immunit\u00e9 parlementaire du d\u00e9put\u00e9 de Takku Wallu, Farba Ngom, a \u00e9t\u00e9 lev\u00e9e ce vendredi par la majorit\u00e9 des d\u00e9put\u00e9s de la 15e l\u00e9gislature. Au total, 130 d\u00e9put\u00e9s ont vot\u00e9, 3 ont vot\u00e9 contre et 3 autres se sont abstenus.Le parlementaire, vis\u00e9 par une enqu\u00eate du P\u00f4le judiciaire financier, est donc mis \u00e0 la &hellip;<\/p>\n","protected":false},"author":1,"featured_media":5594,"comment_status":"open","ping_status":"open","sticky":false,"template":"","format":"standard","meta":{"footnotes":""},"categories":[218,219],"tags":[],"class_list":["post-5593","post","type-post","status-publish","format-standard","has-post-thumbnail","hentry","category-a-laune","category-actualites"],"_links":{"self":[{"href":"https:\/\/saintlouisnews.sn\/index.php?rest_route=\/wp\/v2\/posts\/5593","targetHints":{"allow":["GET"]}}],"collection":[{"href":"https:\/\/saintlouisnews.sn\/index.php?rest_route=\/wp\/v2\/posts"}],"about":[{"href":"https:\/\/saintlouisnews.sn\/index.php?rest_route=\/wp\/v2\/types\/post"}],"author":[{"embeddable":true,"href":"https:\/\/saintlouisnews.sn\/index.php?rest_route=\/wp\/v2\/users\/1"}],"replies":[{"embeddable":true,"href":"https:\/\/saintlouisnews.sn\/index.php?rest_route=%2Fwp%2Fv2%2Fcomments&post=5593"}],"version-history":[{"count":1,"href":"https:\/\/saintlouisnews.sn\/index.php?rest_route=\/wp\/v2\/posts\/5593\/revisions"}],"predecessor-version":[{"id":5595,"href":"https:\/\/saintlouisnews.sn\/index.php?rest_route=\/wp\/v2\/posts\/5593\/revisions\/5595"}],"wp:featuredmedia":[{"embeddable":true,"href":"https:\/\/saintlouisnews.sn\/index.php?rest_route=\/wp\/v2\/media\/5594"}],"wp:attachment":[{"href":"https:\/\/saintlouisnews.sn\/index.php?rest_route=%2Fwp%2Fv2%2Fmedia&parent=5593"}],"wp:term":[{"taxonomy":"category","embeddable":true,"href":"https:\/\/saintlouisnews.sn\/index.php?rest_route=%2Fwp%2Fv2%2Fcategories&post=5593"},{"taxonomy":"post_tag","embeddable":true,"href":"https:\/\/saintlouisnews.sn\/index.php?rest_route=%2Fwp%2Fv2%2Ftags&post=5593"}],"curies":[{"name":"wp","href":"https:\/\/api.w.org\/{rel}","templated":true}]}}