{"id":5631,"date":"2025-01-30T23:51:58","date_gmt":"2025-01-30T23:51:58","guid":{"rendered":"https:\/\/saintlouisnews.sn\/?p=5631"},"modified":"2025-01-30T23:52:00","modified_gmt":"2025-01-30T23:52:00","slug":"mansour-faye-critique-la-note-de-sonko-sur-les-missions-a-letranger-cette-attitude-nest-quun-copie-colle","status":"publish","type":"post","link":"https:\/\/saintlouisnews.sn\/?p=5631","title":{"rendered":"Mansour Faye critique la note de Sonko sur les missions \u00e0 l\u2019\u00e9tranger : \u00ab\u00a0Cette attitude n\u2019est qu\u2019un copi\u00e9-coll\u00e9\u2026\u00a0\u00bb"},"content":{"rendered":"\n<p><strong> C&rsquo;est une v\u00e9ritable sortie au vitriol que vient d&rsquo;effectuer le maire de Saint-Louis, Mansour Faye sur la note de Sonko sur les missions \u00e1 l&rsquo;\u00e9tranger. L&rsquo;<\/strong><strong>ancien ministre des Transports, a partag\u00e9 son avis sur la note du Premier ministre, Ousmane Sonko. Pour lui, cette \u00ab\u00a0attitude n&rsquo;est qu&rsquo;un copi\u00e9-coll\u00e9)<\/strong>.<\/p>\n\n\n\n<p>Selon lui, cette note ne pr\u00e9sente rien de nouveau. Il rappelle qu\u2019au cours du mandat de Macky Sall, chaque ministre en mission \u00e0 l\u2019\u00e9tranger devait pr\u00e9senter son ordre de mission ainsi que le d\u00e9cret d\u2019int\u00e9rim \u00e0 l\u2019a\u00e9roport. Cependant, pour Mansour Faye, ce n\u2019est pas cet aspect qui le pr\u00e9occupe.<\/p>\n\n\n\n<p><em>\u00ab Qu\u2019est-ce qui motive un tel texte ? Un texte qui, au fond, n\u2019apporte rien de nouveau. Est-ce pour stopper ou masquer les d\u00e9rives observ\u00e9es en seulement dix mois de pouvoir des nouvelles autorit\u00e9s ? \u00bb,<\/em>&nbsp;s\u2019interroge l\u2019ancien ministre sous l\u2019\u00e8re Macky Sall.<\/p>\n\n\n\n<p>Pour lui,&nbsp;<em>\u00ab cette attitude n\u2019est qu\u2019un copi\u00e9-coll\u00e9 du comportement de \u2018dd\u2019 qui banalise la fonction de Pr\u00e9sident de la R\u00e9publique en optant pour un d\u00e9doublement de privil\u00e8ges qui \u00e9taient l\u2019apanage exclusif de l\u2019Institution pr\u00e9sidentielle \u00bb<\/em>. Il mentionne \u00e9galement l\u2019usage de l\u2019Avion de Commandement, qu\u2019il consid\u00e8re comme un \u00ab arbre qui cache la for\u00eat \u00bb.<\/p>\n\n\n\n<p><em>\u00ab<\/em> Votre texte dans le fond, n&rsquo;apporte rien de nouveau\u2026Vous incarnez une v\u00e9ritable \u2018\u2019 Bamboula\u2019\u2019 au sommet de l\u2019Etat \u00bb<\/p>\n\n\n\n<p>La r\u00e9alit\u00e9, selon Mansour Faye qui laisse parler sa plume sur sa page Facebook, \u00ab\u00a0cette attitude n&rsquo;est que le copiage du comportement de \u00ab\u00a0dd\u00a0\u00bb qui banalise et d\u00e9sacralise la fonction de Pr\u00e9sident de la R\u00e9punlique en optant pour le d\u00e9doublement de privil\u00e8ges qui sont l&rsquo;apanage exclusif de l&rsquo;Institution pr\u00e9sidentielle\u00a0\u00bb. Dans ce registre, poursuit-il, \u00ab\u00a0l&rsquo;utilisation de l&rsquo;Avion de Commandement est assez illustratif mais n&rsquo;est que l&rsquo;arbre qui cache la for\u00eat\u00a0\u00bb ajoutant que \u00ab\u00a0c\u2019est la premi\u00e8re fois qu\u2019on observe un PM faire du \u00ab Tambambalou \u00bb avec l\u2019a\u00e9ronef de la R\u00e9publique du S\u00e9n\u00e9gal pour des missions que je ne parviens pas \u00e0 qualifier!\u00a0\u00bb.\u00a0<\/p>\n\n\n\n<p>L\u2019ancien ministre appelle \u00e0 plus de transparence, soulignant la n\u00e9cessit\u00e9 d\u2019expliquer aux S\u00e9n\u00e9galais les raisons de ces voyages en sous-r\u00e9gion (Mauritanie, Gambie, etc.). Il rappelle que l\u2019utilisation de l\u2019avion pr\u00e9sidentiel par le Premier ministre doit respecter des conditions strictes, des r\u00e8gles observ\u00e9es dans la plupart des pays.\u00a0<em>\u00ab Une diplomatie en souffrance et une R\u00e9publique agonisante\u00bb,<\/em>\u00a0ironise l&rsquo;\u00e9dile de la vieille ville.<\/p>\n","protected":false},"excerpt":{"rendered":"<p>C&rsquo;est une v\u00e9ritable sortie au vitriol que vient d&rsquo;effectuer le maire de Saint-Louis, Mansour Faye sur la note de Sonko sur les missions \u00e1 l&rsquo;\u00e9tranger. L&rsquo;ancien ministre des Transports, a partag\u00e9 son avis sur la note du Premier ministre, Ousmane Sonko. Pour lui, cette \u00ab\u00a0attitude n&rsquo;est qu&rsquo;un copi\u00e9-coll\u00e9). Selon lui, cette note ne pr\u00e9sente rien &hellip;<\/p>\n","protected":false},"author":1,"featured_media":5632,"comment_status":"open","ping_status":"open","sticky":false,"template":"","format":"standard","meta":{"footnotes":""},"categories":[218,219],"tags":[],"class_list":["post-5631","post","type-post","status-publish","format-standard","has-post-thumbnail","hentry","category-a-laune","category-actualites"],"_links":{"self":[{"href":"https:\/\/saintlouisnews.sn\/index.php?rest_route=\/wp\/v2\/posts\/5631","targetHints":{"allow":["GET"]}}],"collection":[{"href":"https:\/\/saintlouisnews.sn\/index.php?rest_route=\/wp\/v2\/posts"}],"about":[{"href":"https:\/\/saintlouisnews.sn\/index.php?rest_route=\/wp\/v2\/types\/post"}],"author":[{"embeddable":true,"href":"https:\/\/saintlouisnews.sn\/index.php?rest_route=\/wp\/v2\/users\/1"}],"replies":[{"embeddable":true,"href":"https:\/\/saintlouisnews.sn\/index.php?rest_route=%2Fwp%2Fv2%2Fcomments&post=5631"}],"version-history":[{"count":1,"href":"https:\/\/saintlouisnews.sn\/index.php?rest_route=\/wp\/v2\/posts\/5631\/revisions"}],"predecessor-version":[{"id":5633,"href":"https:\/\/saintlouisnews.sn\/index.php?rest_route=\/wp\/v2\/posts\/5631\/revisions\/5633"}],"wp:featuredmedia":[{"embeddable":true,"href":"https:\/\/saintlouisnews.sn\/index.php?rest_route=\/wp\/v2\/media\/5632"}],"wp:attachment":[{"href":"https:\/\/saintlouisnews.sn\/index.php?rest_route=%2Fwp%2Fv2%2Fmedia&parent=5631"}],"wp:term":[{"taxonomy":"category","embeddable":true,"href":"https:\/\/saintlouisnews.sn\/index.php?rest_route=%2Fwp%2Fv2%2Fcategories&post=5631"},{"taxonomy":"post_tag","embeddable":true,"href":"https:\/\/saintlouisnews.sn\/index.php?rest_route=%2Fwp%2Fv2%2Ftags&post=5631"}],"curies":[{"name":"wp","href":"https:\/\/api.w.org\/{rel}","templated":true}]}}