{"id":5643,"date":"2025-02-03T16:27:58","date_gmt":"2025-02-03T16:27:58","guid":{"rendered":"https:\/\/saintlouisnews.sn\/?p=5643"},"modified":"2025-02-03T16:35:24","modified_gmt":"2025-02-03T16:35:24","slug":"signature-de-convention-entre-la-saed-et-le-prdc-vfs","status":"publish","type":"post","link":"https:\/\/saintlouisnews.sn\/?p=5643","title":{"rendered":"Inclusion des femmes et des jeunes dans les chaines de valeur transfrontali\u00e8res: Signature de convention entre la SAED et le PRDC-VFS"},"content":{"rendered":"\n<p><em><strong>La SAED tisse tranquillement sa toile. Le DG, Monsieur Alassane BA, marque son  empreinte. Depuis son av\u00e8nement \u00e0 la t\u00eate de cette institution, les choses bougent dans le bon sens<\/strong><\/em>. <\/p>\n\n\n\n<p>Le DG de la SAED  Alassane B\u00c2 et le Coordonnateur de I&rsquo;Unit\u00e9 de Gestion du Projet de R\u00e9silience et de d\u00e9veloppement communautaire de la Vall\u00e9e du Fleuve S\u00e9n\u00e9gal Monsieur Mamadou DIEDHIOU ont sign\u00e9 ce lundi 03 f\u00e9vrier 2025 une convention de partenariat entre leurs deux structures. <\/p>\n\n\n\n<p>Ce protocole d&rsquo;accord vise \u00e0 pr\u00e9ciser les termes de collaboration, en particulier dans le cadre de la sous-composante 2b du projet : Moyens de subsistance et opportunit\u00e9s \u00e9conomiques pour le d\u00e9veloppement \u00e9conomique local.<\/p>\n\n\n\n<p>Cette sous-composante a pour objectif \u00ab\u00a0d&rsquo;accompagner des activit\u00e9s visant \u00e0 promouvoir des opportunit\u00e9s \u00e9conomiques et de subsistance, en mettant un accent particulier sur l&rsquo;inclusion des femmes et des jeunes dans les principales cha\u00eenes de valeur transfrontali\u00e8res\u00a0\u00bb.<\/p>\n\n\n\n<p> Il s&rsquo;agit de :<\/p>\n\n\n\n<ul class=\"wp-block-list\">\n<li>g\u00e9n\u00e9rer des revenus ;<\/li>\n\n\n\n<li>cr\u00e9er des emplois locaux ;<\/li>\n\n\n\n<li> et renforcer la r\u00e9silience de nos communaut\u00e9s face aux futurs chocs climatiques et conflictuels.<br>Cette nouvelle convention va participer \u00e0 lutter contre la pauvret\u00e9 et renforcer l&rsquo;inclusion des femmes et des jeunes.<\/li>\n<\/ul>\n","protected":false},"excerpt":{"rendered":"<p>La SAED tisse tranquillement sa toile. Le DG, Monsieur Alassane BA, marque son empreinte. Depuis son av\u00e8nement \u00e0 la t\u00eate de cette institution, les choses bougent dans le bon sens. Le DG de la SAED Alassane B\u00c2 et le Coordonnateur de I&rsquo;Unit\u00e9 de Gestion du Projet de R\u00e9silience et de d\u00e9veloppement communautaire de la Vall\u00e9e &hellip;<\/p>\n","protected":false},"author":1,"featured_media":5644,"comment_status":"open","ping_status":"open","sticky":false,"template":"","format":"standard","meta":{"footnotes":""},"categories":[218,219],"tags":[],"class_list":["post-5643","post","type-post","status-publish","format-standard","has-post-thumbnail","hentry","category-a-laune","category-actualites"],"_links":{"self":[{"href":"https:\/\/saintlouisnews.sn\/index.php?rest_route=\/wp\/v2\/posts\/5643","targetHints":{"allow":["GET"]}}],"collection":[{"href":"https:\/\/saintlouisnews.sn\/index.php?rest_route=\/wp\/v2\/posts"}],"about":[{"href":"https:\/\/saintlouisnews.sn\/index.php?rest_route=\/wp\/v2\/types\/post"}],"author":[{"embeddable":true,"href":"https:\/\/saintlouisnews.sn\/index.php?rest_route=\/wp\/v2\/users\/1"}],"replies":[{"embeddable":true,"href":"https:\/\/saintlouisnews.sn\/index.php?rest_route=%2Fwp%2Fv2%2Fcomments&post=5643"}],"version-history":[{"count":3,"href":"https:\/\/saintlouisnews.sn\/index.php?rest_route=\/wp\/v2\/posts\/5643\/revisions"}],"predecessor-version":[{"id":5648,"href":"https:\/\/saintlouisnews.sn\/index.php?rest_route=\/wp\/v2\/posts\/5643\/revisions\/5648"}],"wp:featuredmedia":[{"embeddable":true,"href":"https:\/\/saintlouisnews.sn\/index.php?rest_route=\/wp\/v2\/media\/5644"}],"wp:attachment":[{"href":"https:\/\/saintlouisnews.sn\/index.php?rest_route=%2Fwp%2Fv2%2Fmedia&parent=5643"}],"wp:term":[{"taxonomy":"category","embeddable":true,"href":"https:\/\/saintlouisnews.sn\/index.php?rest_route=%2Fwp%2Fv2%2Fcategories&post=5643"},{"taxonomy":"post_tag","embeddable":true,"href":"https:\/\/saintlouisnews.sn\/index.php?rest_route=%2Fwp%2Fv2%2Ftags&post=5643"}],"curies":[{"name":"wp","href":"https:\/\/api.w.org\/{rel}","templated":true}]}}