{"id":5665,"date":"2025-02-06T23:56:36","date_gmt":"2025-02-06T23:56:36","guid":{"rendered":"https:\/\/saintlouisnews.sn\/?p=5665"},"modified":"2025-02-07T00:08:11","modified_gmt":"2025-02-07T00:08:11","slug":"acces-a-leau-potable-lancement-des-travaux-de-reconstruction-des-deux-chateaux-deau-de-lile-de-saint-louis","status":"publish","type":"post","link":"https:\/\/saintlouisnews.sn\/?p=5665","title":{"rendered":"Acc\u00e8s \u00e0 l\u2019eau potable\u00a0: Lancement des travaux de reconstruction des deux ch\u00e2teaux d&rsquo;eau de l&rsquo;\u00eele de Saint-Louis"},"content":{"rendered":"\n<p><strong><em>Dans le cadre du programme d\u00e9nomm\u00e9 \u00ab\u00a048 heures de l\u2019eau potable dans la r\u00e9gion de Saint-Louis\u00a0\u00bb, le ministre de l&rsquo;Hydraulique et de l&rsquo;Assainissement, Dr Cheikh Tidiane Di\u00e8ye, a proc\u00e9d\u00e9 au lancement des travaux de reconstruction des deux ch\u00e2teaux d&rsquo;eau de l&rsquo;\u00eele de Saint-Louis. Il a promis la pr\u00e9servation du patrimoine. En ce sens, il a instruit la SONES de \u00ab\u00a0prendre toutes les dispositions pour r\u00e9aliser le projet dans le respect scrupuleux du statut de patrimoine mondial de l\u2019UNESCO dont jouit cette belle cit\u00e9\u00a0\u00bb. Il compte aussi compte sur la SONES, \u00e0 travers son Directeur g\u00e9n\u00e9ral Abdou Niang, pour que les \u00ab\u00a0Saint-Louisiens aient acc\u00e8s \u00e0 une eau en qualit\u00e9, en quantit\u00e9 et \u00e0 un co\u00fbt abordable\u00a0\u00bb.<\/em><\/strong><\/p>\n\n\n\n<p><strong><em>DISCOURS DU MINISTRE DE L&rsquo;HYDRAULIQUE ET DE L&rsquo;ASSAINISSEMENT<\/em><\/strong><\/p>\n\n\n\n<p><strong>SAINT-LOUIS, JEUDI 06 FEVRIER 2025<\/strong><\/p>\n\n\n\n<p><strong>Monsieur le Maire de Saint-Louis,<\/strong><\/p>\n\n\n\n<p><strong>Monsieur le Pr\u00e9sident du Conseil d\u00e9partemental,<\/strong><\/p>\n\n\n\n<p><strong>Mesdames, Messieurs les Ministres,<\/strong><\/p>\n\n\n\n<p><strong>Honorables D\u00e9put\u00e9s,<br>Monsieur le Gouverneur de la r\u00e9gion de Saint-Louis,<\/strong><\/p>\n\n\n\n<p><strong>Monsieur le Pr\u00e9fet du d\u00e9partement de Saint-Louis,<\/strong><\/p>\n\n\n\n<p><strong>Monsieur le Directeur G\u00e9n\u00e9ral de la SONES,<\/strong><\/p>\n\n\n\n<p><strong>Messieurs les Directeurs G\u00e9n\u00e9raux,<\/strong><\/p>\n\n\n\n<p><strong>Mesdames, Messieurs les Directeurs Nationaux,<\/strong><\/p>\n\n\n\n<p><strong>Chers partenaires techniques et financiers,<\/strong><\/p>\n\n\n\n<p><strong>Chers responsables d\u2019entreprises de travaux et bureaux de contr\u00f4le,<\/strong><\/p>\n\n\n\n<p><strong>Chers repr\u00e9sentants de la Soci\u00e9t\u00e9 civile,<br>Notabilit\u00e9s religieuses et coutumi\u00e8res,<\/strong><\/p>\n\n\n\n<p><strong>Chers participants, distingu\u00e9s invit\u00e9s,<\/strong><\/p>\n\n\n\n<p><strong>Mesdames et Messieurs,<\/strong><\/p>\n\n\n\n<p>Ma pr\u00e9sence sur l\u2019\u00cele de Saint-Louis rev\u00eat une symbolique tr\u00e8s forte. Ville du bon go\u00fbt et d\u2019histoire, Saint-Louis a une relation fusionnelle avec l\u2019eau. Entre le fleuve et la mer, sur plus de trois si\u00e8cles, s\u2019est tiss\u00e9e la l\u00e9gende d\u2019une terre d\u2019hospitalit\u00e9 tant c\u00e9l\u00e9br\u00e9e par nos compatriotes comme par les visiteurs venus des quatre coins du monde.<\/p>\n\n\n\n<p>Pourtant, cette terre ancr\u00e9e dans sa culture et ouverte aux apports du monde est caract\u00e9ris\u00e9e, depuis longtemps, par des dysfonctionnements continus dans l\u2019alimentation en eau potable. C\u2019est pourquoi je suis heureux, ce jour, de lancer les travaux de reconstruction de deux ch\u00e2teaux d\u2019eau sur la partie Nord de l\u2019\u00cele. Ces deux tours d\u2019eau potable que nous voyons seront remplac\u00e9s par deux nouveaux ch\u00e2teaux d\u2019eau. En relation avec tous les services comp\u00e9tents de l&rsquo;\u00c9tat, j\u2019ai instruit la SONES de prendre toutes les dispositions pour r\u00e9aliser le projet dans le respect scrupuleux du statut de patrimoine mondial de l\u2019UNESCO dont jouit cette belle cit\u00e9.<\/p>\n\n\n\n<p>En cons\u00e9quence, les ch\u00e2teaux d\u2019eau d\u00e9saffect\u00e9s seront reconstruits en sauvegardant les crit\u00e8res \u00e9dict\u00e9s en mati\u00e8re de conservation du b\u00e2ti. Cette exigence correspond au contenu du programme de r\u00e9novation des anciens b\u00e2timents.<\/p>\n\n\n\n<p>Mieux, je veillerai personnellement, en relation avec le Directeur g\u00e9n\u00e9ral de la SONES, \u00e0 la satisfaction d\u2019un facteur qui renforce l\u2019attractivit\u00e9 de Saint-Louis&nbsp;: la disponibilit\u00e9 de l\u2019eau.<\/p>\n\n\n\n<p><strong><em>Mesdames et Messieurs,<\/em><\/strong><\/p>\n\n\n\n<p>Cette \u00eele est quelque part notre m\u00e9moire. Nous avons le devoir de la pr\u00e9server de l\u2019oubli. Elle a vu passer les navires europ\u00e9ens et les caravaniers. Elle a toujours gard\u00e9 les valeurs d\u2019un m\u00e9tissage enrichissant port\u00e9 par des intellectuels. Cette terre m\u00e9tisse a \u00e9t\u00e9 la passerelle d\u2019un destin commun entre le S\u00e9n\u00e9gal et la Mauritanie dont elle a \u00e9t\u00e9 la capitale. Saint-Louis a surtout \u00e9t\u00e9 la sc\u00e8ne de l\u2019affirmation du refus, sans violence, de cette homog\u00e9n\u00e9it\u00e9 par d\u2019\u00e9minents \u00e9rudits s\u00e9n\u00e9galais comme El Hadj Malick Sy, Cheikh Ahmadou Bamba, El Hadj Mame Rawane Ngom, entre autres. L\u2019histoire de cette cit\u00e9 n\u2019est pas un champ clos dans notre grande Histoire. La ville vit encore aujourd\u2019hui, fi\u00e8re de son pass\u00e9 et confiante pour son avenir. Oui, elle a un avenir dans le projet de transformation syst\u00e9mique.<\/p>\n\n\n\n<p>Cette cit\u00e9 tricentenaire m\u00e9rite toutes les attentions&nbsp;! La disponibilit\u00e9 de l\u2019eau potable contribue \u00e0 la qualit\u00e9 de vie dans une ville engag\u00e9e dans un cycle de croissance urbaine de pr\u00e8s de 30% ces dix derni\u00e8res ann\u00e9es. Elle entrevoit des perspectives de croissance \u00e9conomique avec l\u2019exploitation du gaz. La croissance urbaine est tr\u00e8s perceptible vers Ngall\u00e8le, Boudiouck et Sanar, zone d\u2019implantation de l\u2019Universit\u00e9 Gaston Berger de Saint-Louis (UGB).<\/p>\n\n\n\n<p><strong><em>Chers invit\u00e9s,<\/em><\/strong><strong><em><\/em><\/strong><\/p>\n\n\n\n<p>Plusieurs initiatives ont \u00e9t\u00e9 prises depuis le Programme Eau potable et Assainissement (PEPAM), am\u00e9liorant le rendement de l\u2019ancienne usine de Khor ou construisant un ch\u00e2teau d\u2019eau \u00e0 Leybar pour couvrir la demande dans des quartiers d\u00e9ficitaires comme Pikine. Mis en service en mars 2017, ces ouvrages n\u2019ont pas suffi \u00e0 couvrir la demande de mani\u00e8re durable.<\/p>\n\n\n\n<p>Une solution durable a \u00e9t\u00e9 pr\u00e9conis\u00e9e, se traduisant par la r\u00e9alisation d\u2019une deuxi\u00e8me usine \u00e0 Khor, d\u2019une capacit\u00e9 de 15.000 m<sup>3<\/sup>\/jour, par la construction d\u2019un ch\u00e2teau d\u2019eau \u00e0 Sanar d\u2019une capacit\u00e9 de 3200 m<sup>3<\/sup> et par un renforcement du r\u00e9seau de distribution. Le co\u00fbt de ce projet est de16 milliards FCFA Hors taxes et 20 milliards FCFA Toutes taxes comprises.<\/p>\n\n\n\n<p>Les retards not\u00e9s dans l\u2019ex\u00e9cution des travaux ont cr\u00e9\u00e9 des situations de p\u00e9nuries d\u2019eau dans plusieurs quartiers. Cette forte pression sociale a co\u00fbt\u00e9 au contribuable s\u00e9n\u00e9galais un effort financier suppl\u00e9mentaire de 7 milliards FCFA pour r\u00e9aliser une phase d\u2019urgence consistant \u00e0 transf\u00e9rer de l\u2019eau douce \u00e0 partir des forages de Ndiock Sall vers Saint-Louis, sur cinquante kilom\u00e8tres. Les volumes mobilis\u00e9s ont permis d\u2019enregistrer une am\u00e9lioration de la desserte dans la ville de Saint-Louis et, particuli\u00e8rement les quartiers nagu\u00e8re d\u00e9ficitaires de Pikine, Gokhou Mbathie et Guinaw Rail. Le projet a m\u00eame dot\u00e9 l\u2019\u00eele de Boppou Thior d\u2019un r\u00e9seau, pour la premi\u00e8re fois.<\/p>\n\n\n\n<p>Tr\u00e8s vite, cet \u00e9quilibre s\u2019est av\u00e9r\u00e9 pr\u00e9caire. En effet, des zones d\u00e9ficitaires sont relev\u00e9es&nbsp;autour de Ngall\u00e8le (Ngualle, Boudiouck, Diougop, Sanara Ouolof, Sanar Peulh, UGB, Ndi\u00e9b\u00e8ne Toub\u00e9 et Maka Toub\u00e9)&nbsp;; dans la Langue de Barbarie, Darou Marmyal&nbsp;; les villages situ\u00e9s en bout de r\u00e9seau dans le Gandiole (Lakhrar, Moumbaye, Degouniaye, Gneling Mbao).<\/p>\n\n\n\n<p><strong><em>Mesdames et Messieurs,<\/em><\/strong><strong><em><\/em><\/strong><\/p>\n\n\n\n<p>A mon installation, sur instruction des plus hautes autorit\u00e9s, j\u2019ai tout mis en \u0153uvre pour acc\u00e9l\u00e9rer la finalisation de la nouvelle usine. Les travaux progressent d\u00e9sormais \u00e0 un rythme satisfaisant. J\u2019en f\u00e9licite le Directeur g\u00e9n\u00e9ral de la SONES. Nous entrevoyons m\u00eame la phase des tests qui est un pr\u00e9alable dans le protocole de mise en service d\u2019une infrastructure hydraulique de cette dimension.<\/p>\n\n\n\n<p>Ces volumes attendus prochainement, de l\u2019ordre de 15.000 m<sup>3<\/sup>\/jour, s\u2019ajouteront \u00e0 la production globale existante de 23.000 m<sup>3<\/sup>\/jour. cette production globale, \u00e0 la mise en service de la nouvelle usine de Khor, permettra de couvrir la demande estim\u00e9e \u00e0 32.000 m<sup>3<\/sup>\/jour. Ces infrastructures seront connect\u00e9es aux deux ch\u00e2teaux d\u2019eau dont je viens de lancer les travaux sur ce site. En renfor\u00e7ant la capacit\u00e9 de stockage, ces ouvrages de stockage assureront une meilleure desserte sur l\u2019\u00cele de Saint-Louis et dans la Langue de Barbarie. Les quartiers de Gokhou Mbathie, Santhiaba, Guet Ndar seront mieux desservis \u00e0 l\u2019horizon 2040. Le financement est assur\u00e9 sur fonds propres de la SONES pour 2,4 milliards Hors taxes et 2,9 milliards FCFA Toutes taxes comprises.<\/p>\n\n\n\n<p>Notre vision va plus loin. A l\u2019horizon 2050 et, au-del\u00e0, pour faire cap sur l\u2019Agenda africain de l\u2019Eau, l\u2019\u00c9tat a lanc\u00e9 les Autoroutes de l\u2019Eau. Ces grandes voies draineront assez d\u2019eau pour satisfaire les demandes en eau agricole et en eau \u00e0 usage humain. Saint-Louis, dans une croissance continue, aura plus que besoin d\u2019entrer dans ce nouveau dimensionnement de notre ambition.<\/p>\n\n\n\n<p>Dans la r\u00e9alisation de cette ambition du Pr\u00e9sident de la R\u00e9publique et de son Premier ministre, je compte sur la SONES, \u00e0 travers son Directeur g\u00e9n\u00e9ral, pour que les Saint-Louisiens aient acc\u00e8s \u00e0 une eau en qualit\u00e9, en quantit\u00e9 et \u00e0 un co\u00fbt abordable.<\/p>\n\n\n\n<p>Je vous remercie de votre bien aimable attention.<\/p>\n\n\n\n<p><\/p>\n","protected":false},"excerpt":{"rendered":"<p>Dans le cadre du programme d\u00e9nomm\u00e9 \u00ab\u00a048 heures de l\u2019eau potable dans la r\u00e9gion de Saint-Louis\u00a0\u00bb, le ministre de l&rsquo;Hydraulique et de l&rsquo;Assainissement, Dr Cheikh Tidiane Di\u00e8ye, a proc\u00e9d\u00e9 au lancement des travaux de reconstruction des deux ch\u00e2teaux d&rsquo;eau de l&rsquo;\u00eele de Saint-Louis. Il a promis la pr\u00e9servation du patrimoine. En ce sens, il a &hellip;<\/p>\n","protected":false},"author":1,"featured_media":5666,"comment_status":"open","ping_status":"open","sticky":false,"template":"","format":"standard","meta":{"footnotes":""},"categories":[218,219],"tags":[],"class_list":["post-5665","post","type-post","status-publish","format-standard","has-post-thumbnail","hentry","category-a-laune","category-actualites"],"_links":{"self":[{"href":"https:\/\/saintlouisnews.sn\/index.php?rest_route=\/wp\/v2\/posts\/5665","targetHints":{"allow":["GET"]}}],"collection":[{"href":"https:\/\/saintlouisnews.sn\/index.php?rest_route=\/wp\/v2\/posts"}],"about":[{"href":"https:\/\/saintlouisnews.sn\/index.php?rest_route=\/wp\/v2\/types\/post"}],"author":[{"embeddable":true,"href":"https:\/\/saintlouisnews.sn\/index.php?rest_route=\/wp\/v2\/users\/1"}],"replies":[{"embeddable":true,"href":"https:\/\/saintlouisnews.sn\/index.php?rest_route=%2Fwp%2Fv2%2Fcomments&post=5665"}],"version-history":[{"count":4,"href":"https:\/\/saintlouisnews.sn\/index.php?rest_route=\/wp\/v2\/posts\/5665\/revisions"}],"predecessor-version":[{"id":5674,"href":"https:\/\/saintlouisnews.sn\/index.php?rest_route=\/wp\/v2\/posts\/5665\/revisions\/5674"}],"wp:featuredmedia":[{"embeddable":true,"href":"https:\/\/saintlouisnews.sn\/index.php?rest_route=\/wp\/v2\/media\/5666"}],"wp:attachment":[{"href":"https:\/\/saintlouisnews.sn\/index.php?rest_route=%2Fwp%2Fv2%2Fmedia&parent=5665"}],"wp:term":[{"taxonomy":"category","embeddable":true,"href":"https:\/\/saintlouisnews.sn\/index.php?rest_route=%2Fwp%2Fv2%2Fcategories&post=5665"},{"taxonomy":"post_tag","embeddable":true,"href":"https:\/\/saintlouisnews.sn\/index.php?rest_route=%2Fwp%2Fv2%2Ftags&post=5665"}],"curies":[{"name":"wp","href":"https:\/\/api.w.org\/{rel}","templated":true}]}}