{"id":5676,"date":"2025-02-07T00:27:37","date_gmt":"2025-02-07T00:27:37","guid":{"rendered":"https:\/\/saintlouisnews.sn\/?p=5676"},"modified":"2025-02-08T06:23:12","modified_gmt":"2025-02-08T06:23:12","slug":"acces-a-leau-potable-cheikh-tidiane-dieye-lance-les-travaux-dun-second-chateau-deau-a-mpal","status":"publish","type":"post","link":"https:\/\/saintlouisnews.sn\/?p=5676","title":{"rendered":"Acc\u00e8s \u00e0 l\u2019eau potable\u00a0: Cheikh Tidiane Di\u00e8ye lance les travaux d\u2019un second ch\u00e2teau d\u2019eau \u00e0 Mpal"},"content":{"rendered":"\n<p><strong><em>Acc\u00e8s \u00e0 l\u2019eau potable&nbsp;: Cheikh Tidiane Di\u00e8ye lance les travaux d\u2019un second ch\u00e2teau d\u2019eau \u00e0 Mpal<\/em><\/strong><\/p>\n\n\n\n<p><strong><em>Le ministre de l\u2019Hydraulique et de l\u2019Assainissement, Dr Cheikh Tidiane Di\u00e8ye, a entam\u00e9 sa tourn\u00e9e dans le cadre du programme d\u00e9nomm\u00e9 \u00ab&nbsp;\u00ab&nbsp;48 heures de l\u2019eau potable dans la r\u00e9gion de Saint-Louis&nbsp;\u00bb par Mpal. Dans la cit\u00e9 religieuse de Mame Rawane, il a proc\u00e9d\u00e9 au lancement des travaux de construction d\u2019un nouveau ch\u00e2teau d\u2019eau. Cette nouvelle infrastructure hydraulique mise en place est venue compl\u00e9ter l\u2019actuel r\u00e9seau.&nbsp;<\/em><\/strong><\/p>\n\n\n\n<p>Le ministre de l\u2019Hydraulique et de l\u2019Assainissement (MHA), a lanc\u00e9 les travaux de construction d\u2019un deuxi\u00e8me ch\u00e2teau d\u2019eau dans la commune rurale de Mpal. \u00ab&nbsp;Nous sommes r\u00e9unis ici \u00e0 Mpal pour proc\u00e9der au lancement des travaux de r\u00e9alisation d\u2019un nouveau forage, d\u2019un ouvrage hydraulique d\u2019une importance majeure. Ils viennent compl\u00e9ter l\u2019actuel r\u00e9seau. Cet ouvrage hydraulique nous permettra de passer d\u2019une capacit\u00e9 de 800 m<sup>3 <\/sup>&nbsp;\u00e0 2000 m<sup>3<\/sup>, portant ainsi \u00e0 2800 m<sup>3<\/sup> la production en eau des deux forages qui vont alimenter la zone allant de Ndiock Sall en passant par Mpal, Fass Ngom, Gandon, jusqu\u2019\u00e0 Rao, Saint-Louis et Gandiol. Cet ouvrage vise \u00e0 desservir efficacement les zones concern\u00e9es&nbsp;\u00bb, a annonc\u00e9 Dr Cheikh Tidiane Di\u00e8ye pour qui cet ouvrage est \u00ab&nbsp;d\u2019une tr\u00e8s grande importance&nbsp;\u00bb pour les populations. \u00ab&nbsp;Le &nbsp;co\u00fbt est estim\u00e9 \u00e0 un peu moins de 2 milliards de Fcfa. Sa r\u00e9alisation permettra effectivement de r\u00e9gler d\u00e9finitivement les probl\u00e8mes d\u2019acc\u00e8s \u00e0 l\u2019eau potable. Et ces travaux visent \u00e0 accompagner la volont\u00e9 des autorit\u00e9s \u00e9tatiques afin de faire du S\u00e9n\u00e9gal un pays juste, o\u00f9 les in\u00e9galit\u00e9s sociales et territoriales seront fortement r\u00e9duites&nbsp;\u00bb, a-t-il laiss\u00e9 entendre afin que l\u2019acc\u00e8s \u00e0 l\u2019eau potable puisse \u00eatre une r\u00e9alit\u00e9. \u00ab&nbsp;Notre ambition, c\u2019est de faire en sorte que toutes les S\u00e9n\u00e9galaises et tous les S\u00e9n\u00e9galais, des villes comme des campagnes, aient le m\u00eame droit d\u2019acc\u00e8s \u00e0 l\u2019eau, une eau en quantit\u00e9, en qualit\u00e9 et \u00e0 des co\u00fbts ma\u00eetrisables&nbsp;\u00bb, a souhait\u00e9 le ministre de l\u2019Hydraulique et de l\u2019Assainissement.<\/p>\n\n\n\n<p>Mor Gu\u00e8ye Gaye et Me Moustapha Mbaye, respectivement Maire de la commune de Mpal et Pr\u00e9sident du Conseil d\u00e9partemental de Saint-Louis, se r\u00e9jouissent de la construction de ce ch\u00e2teau d\u2019eau d\u2019une capacit\u00e9 de 2000 m3 esp\u00e9rant que la r\u00e9alisation de ce ch\u00e2teau d\u2019eau \u00ab\u00a0va permettre d\u2019assurer un approvisionnement correct de l\u2019eau \u00e0 Mpal\u00a0\u00bb.<\/p>\n\n\n\n<p>Les travaux qui seront r\u00e9alis\u00e9s par la Soci\u00e9t\u00e9 nationale des eaux du S\u00e9n\u00e9gal (SONES) dirig\u00e9e par Abdou Niang, participeront \u00e0 l\u2019am\u00e9lioration \u00e0 l\u2019acc\u00e8s \u00e0 l\u2019eau potable des localit\u00e9s concern\u00e9es. Ils sont confi\u00e9s \u00e0 la Soci\u00e9t\u00e9 de Voiries et de Travaux Publics (SVTP), exhort\u00e9e \u00e0 prendre les dispositions pour la\u00a0 livraison des travaux \u00e0 date \u00e9chue.<\/p>\n\n\n\n<p>La c\u00e9r\u00e9monie de lancement a enregistr\u00e9 la pr\u00e9sence du gouverneur de la r\u00e9gion de Saint-Louis, Al Hassan Sall, du pr\u00e9fet du d\u00e9partement \u00e9ponyme, Abou Sow et de nombreux dignitaires.<\/p>\n","protected":false},"excerpt":{"rendered":"<p>Acc\u00e8s \u00e0 l\u2019eau potable&nbsp;: Cheikh Tidiane Di\u00e8ye lance les travaux d\u2019un second ch\u00e2teau d\u2019eau \u00e0 Mpal Le ministre de l\u2019Hydraulique et de l\u2019Assainissement, Dr Cheikh Tidiane Di\u00e8ye, a entam\u00e9 sa tourn\u00e9e dans le cadre du programme d\u00e9nomm\u00e9 \u00ab&nbsp;\u00ab&nbsp;48 heures de l\u2019eau potable dans la r\u00e9gion de Saint-Louis&nbsp;\u00bb par Mpal. Dans la cit\u00e9 religieuse de Mame &hellip;<\/p>\n","protected":false},"author":1,"featured_media":5677,"comment_status":"open","ping_status":"open","sticky":false,"template":"","format":"standard","meta":{"footnotes":""},"categories":[218,219],"tags":[],"class_list":["post-5676","post","type-post","status-publish","format-standard","has-post-thumbnail","hentry","category-a-laune","category-actualites"],"_links":{"self":[{"href":"https:\/\/saintlouisnews.sn\/index.php?rest_route=\/wp\/v2\/posts\/5676","targetHints":{"allow":["GET"]}}],"collection":[{"href":"https:\/\/saintlouisnews.sn\/index.php?rest_route=\/wp\/v2\/posts"}],"about":[{"href":"https:\/\/saintlouisnews.sn\/index.php?rest_route=\/wp\/v2\/types\/post"}],"author":[{"embeddable":true,"href":"https:\/\/saintlouisnews.sn\/index.php?rest_route=\/wp\/v2\/users\/1"}],"replies":[{"embeddable":true,"href":"https:\/\/saintlouisnews.sn\/index.php?rest_route=%2Fwp%2Fv2%2Fcomments&post=5676"}],"version-history":[{"count":1,"href":"https:\/\/saintlouisnews.sn\/index.php?rest_route=\/wp\/v2\/posts\/5676\/revisions"}],"predecessor-version":[{"id":5678,"href":"https:\/\/saintlouisnews.sn\/index.php?rest_route=\/wp\/v2\/posts\/5676\/revisions\/5678"}],"wp:featuredmedia":[{"embeddable":true,"href":"https:\/\/saintlouisnews.sn\/index.php?rest_route=\/wp\/v2\/media\/5677"}],"wp:attachment":[{"href":"https:\/\/saintlouisnews.sn\/index.php?rest_route=%2Fwp%2Fv2%2Fmedia&parent=5676"}],"wp:term":[{"taxonomy":"category","embeddable":true,"href":"https:\/\/saintlouisnews.sn\/index.php?rest_route=%2Fwp%2Fv2%2Fcategories&post=5676"},{"taxonomy":"post_tag","embeddable":true,"href":"https:\/\/saintlouisnews.sn\/index.php?rest_route=%2Fwp%2Fv2%2Ftags&post=5676"}],"curies":[{"name":"wp","href":"https:\/\/api.w.org\/{rel}","templated":true}]}}