{"id":5698,"date":"2025-02-11T15:53:30","date_gmt":"2025-02-11T15:53:30","guid":{"rendered":"https:\/\/saintlouisnews.sn\/?p=5698"},"modified":"2025-02-11T15:53:32","modified_gmt":"2025-02-11T15:53:32","slug":"la-direction-de-la-promotion-des-droits-et-de-la-protection-des-enfants-dpdpe-au-chevet-des-pouponnieres","status":"publish","type":"post","link":"https:\/\/saintlouisnews.sn\/?p=5698","title":{"rendered":"La Direction de la Promotion des Droits et de la Protection des Enfants (DPDPE) au chevet des pouponni\u00e8res"},"content":{"rendered":"\n<p>Le Minist\u00e8re de la Famille et des Solidarit\u00e9s (MFS) \u00e0 travers la Direction de la Promotion des Droits et de la Protection des Enfants (DPDPE) organise des missions de suivi et de remise des dons pour la prise en charge des enfants au niveau des pouponni\u00e8res. Elle offre une assistance pour am\u00e9liorer les conditions des enfants intern\u00e9s et amoindrir les difficult\u00e9s des responsables.<br>Cette mission constitue une premi\u00e8re \u00e9tape de la tourn\u00e9e nationale pr\u00e9vue dans les structures de prise en charge des enfants.<\/p>\n","protected":false},"excerpt":{"rendered":"<p>Le Minist\u00e8re de la Famille et des Solidarit\u00e9s (MFS) \u00e0 travers la Direction de la Promotion des Droits et de la Protection des Enfants (DPDPE) organise des missions de suivi et de remise des dons pour la prise en charge des enfants au niveau des pouponni\u00e8res. Elle offre une assistance pour am\u00e9liorer les conditions des &hellip;<\/p>\n","protected":false},"author":1,"featured_media":5699,"comment_status":"open","ping_status":"open","sticky":false,"template":"","format":"standard","meta":{"footnotes":""},"categories":[218,219,230],"tags":[],"class_list":["post-5698","post","type-post","status-publish","format-standard","has-post-thumbnail","hentry","category-a-laune","category-actualites","category-sociale"],"_links":{"self":[{"href":"https:\/\/saintlouisnews.sn\/index.php?rest_route=\/wp\/v2\/posts\/5698","targetHints":{"allow":["GET"]}}],"collection":[{"href":"https:\/\/saintlouisnews.sn\/index.php?rest_route=\/wp\/v2\/posts"}],"about":[{"href":"https:\/\/saintlouisnews.sn\/index.php?rest_route=\/wp\/v2\/types\/post"}],"author":[{"embeddable":true,"href":"https:\/\/saintlouisnews.sn\/index.php?rest_route=\/wp\/v2\/users\/1"}],"replies":[{"embeddable":true,"href":"https:\/\/saintlouisnews.sn\/index.php?rest_route=%2Fwp%2Fv2%2Fcomments&post=5698"}],"version-history":[{"count":1,"href":"https:\/\/saintlouisnews.sn\/index.php?rest_route=\/wp\/v2\/posts\/5698\/revisions"}],"predecessor-version":[{"id":5700,"href":"https:\/\/saintlouisnews.sn\/index.php?rest_route=\/wp\/v2\/posts\/5698\/revisions\/5700"}],"wp:featuredmedia":[{"embeddable":true,"href":"https:\/\/saintlouisnews.sn\/index.php?rest_route=\/wp\/v2\/media\/5699"}],"wp:attachment":[{"href":"https:\/\/saintlouisnews.sn\/index.php?rest_route=%2Fwp%2Fv2%2Fmedia&parent=5698"}],"wp:term":[{"taxonomy":"category","embeddable":true,"href":"https:\/\/saintlouisnews.sn\/index.php?rest_route=%2Fwp%2Fv2%2Fcategories&post=5698"},{"taxonomy":"post_tag","embeddable":true,"href":"https:\/\/saintlouisnews.sn\/index.php?rest_route=%2Fwp%2Fv2%2Ftags&post=5698"}],"curies":[{"name":"wp","href":"https:\/\/api.w.org\/{rel}","templated":true}]}}