{"id":5778,"date":"2025-02-21T22:48:18","date_gmt":"2025-02-21T22:48:18","guid":{"rendered":"https:\/\/saintlouisnews.sn\/?p=5778"},"modified":"2025-02-22T00:29:31","modified_gmt":"2025-02-22T00:29:31","slug":"promoren-36-milliards-de-fcfa-degages-pour-la-disponibilite-des-ressources-en-eau-de-surface","status":"publish","type":"post","link":"https:\/\/saintlouisnews.sn\/?p=5778","title":{"rendered":"Promoren : 36 milliards de fCfa d\u00e9gag\u00e9s pour la disponibilit\u00e9 des ressources en eau de surface"},"content":{"rendered":"\n<p class=\"has-small-font-size\">Ce vendredi, \u00e0 Koungheul, dans la r\u00e9gion de Kaffrine, le Pr\u00e9sident Bassirou Diomaye Faye a proc\u00e9d\u00e9 \u00e0 la pose de la premi\u00e8re pierre du Projet de mobilisation des ressources en eau du bassin versant du Nianijia Bolong (PROMOREN). Ce projet, financ\u00e9 \u00e0 hauteur de 36 milliards de FCFA, est soutenu \u00e0 92 % par un pr\u00eat de la Banque Islamique de D\u00e9veloppement (BID) et \u00e0 8 % par l\u2019\u00c9tat du S\u00e9n\u00e9gal. Il est mis en \u0153uvre par l\u2019Office des Lacs et Cours d\u2019Eau.<\/p>\n\n\n\n<p class=\"has-small-font-size\">Le Projet de Mobilisation des Ressources en Eau du Nianija Bolong vise \u00e0 am\u00e9liorer la disponibilit\u00e9 des ressources en eau de surface du bassin versant de Nianija Bolong, dans le d\u00e9partement de Koungheul.<\/p>\n\n\n\n<figure class=\"wp-block-image size-large\"><img loading=\"lazy\" decoding=\"async\" width=\"1024\" height=\"683\" src=\"https:\/\/saintlouisnews.sn\/wp-content\/uploads\/2025\/02\/480963939_9379679238737150_6734263223724226967_n-1024x683.jpg\" alt=\"\" class=\"wp-image-5780\" srcset=\"https:\/\/saintlouisnews.sn\/wp-content\/uploads\/2025\/02\/480963939_9379679238737150_6734263223724226967_n-1024x683.jpg 1024w, https:\/\/saintlouisnews.sn\/wp-content\/uploads\/2025\/02\/480963939_9379679238737150_6734263223724226967_n-300x200.jpg 300w, https:\/\/saintlouisnews.sn\/wp-content\/uploads\/2025\/02\/480963939_9379679238737150_6734263223724226967_n-768x512.jpg 768w, https:\/\/saintlouisnews.sn\/wp-content\/uploads\/2025\/02\/480963939_9379679238737150_6734263223724226967_n-1536x1025.jpg 1536w, https:\/\/saintlouisnews.sn\/wp-content\/uploads\/2025\/02\/480963939_9379679238737150_6734263223724226967_n.jpg 2048w\" sizes=\"auto, (max-width: 1024px) 100vw, 1024px\" \/><\/figure>\n\n\n\n<p class=\"has-small-font-size\">Le Promoren, mis en \u0153uvre par l\u2019Office des Lacs et Cours d\u2019Eau (OLAC), permettra, selon les initiateurs de mobiliser annuellement 46,6 millions de m\u00b3 d\u2019eau douce, d\u2019arr\u00eater l\u2019intrusion des eaux sal\u00e9es en provenance du fleuve Gambie, et de mettre en valeur 12 000 hectares de terres agricoles chaque ann\u00e9e. <\/p>\n\n\n\n<p class=\"has-small-font-size\">Selon le Chef de l\u2019\u00c9tat, le PROMOREN contribuera \u00e0 renforcer les capacit\u00e9s du pays en mati\u00e8re de production d\u2019eau potable et \u00e0 favoriser les initiatives \u00e9conomiques. \u00ab \u00c0 terme, d\u2019importantes ressources en eau mobilis\u00e9es permettront la valorisation de 6 000 hectares par campagne, soit 12 000 hectares par an, contribuant ainsi \u00e0 l\u2019atteinte de la souverainet\u00e9 alimentaire nationale. Ce projet traduit la volont\u00e9 de l\u2019\u00c9tat de r\u00e9pondre aux besoins en eau pour les activit\u00e9s agrosylvopastorales et halieutiques tout au long de l\u2019ann\u00e9e \u00bb, a-t-il d\u00e9clar\u00e9.<\/p>\n\n\n\n<figure class=\"wp-block-image size-large\"><img loading=\"lazy\" decoding=\"async\" width=\"1024\" height=\"683\" src=\"https:\/\/saintlouisnews.sn\/wp-content\/uploads\/2025\/02\/481114796_9379678028737271_4286748205326648508_n-1024x683.jpg\" alt=\"\" class=\"wp-image-5781\" srcset=\"https:\/\/saintlouisnews.sn\/wp-content\/uploads\/2025\/02\/481114796_9379678028737271_4286748205326648508_n-1024x683.jpg 1024w, https:\/\/saintlouisnews.sn\/wp-content\/uploads\/2025\/02\/481114796_9379678028737271_4286748205326648508_n-300x200.jpg 300w, https:\/\/saintlouisnews.sn\/wp-content\/uploads\/2025\/02\/481114796_9379678028737271_4286748205326648508_n-768x512.jpg 768w, https:\/\/saintlouisnews.sn\/wp-content\/uploads\/2025\/02\/481114796_9379678028737271_4286748205326648508_n-1536x1025.jpg 1536w, https:\/\/saintlouisnews.sn\/wp-content\/uploads\/2025\/02\/481114796_9379678028737271_4286748205326648508_n.jpg 2048w\" sizes=\"auto, (max-width: 1024px) 100vw, 1024px\" \/><\/figure>\n\n\n\n<p class=\"has-small-font-size\">Bassirou Diomaye Diakhar Faye a soulign\u00e9 ses engagements \u00e0 travers des actions de transformation profonde de notre pays, sur le plan \u00e9conomique de mani\u00e8re g\u00e9n\u00e9rale et dans le secteur primaire en particulier. Pour le Chef de l\u2019\u00c9tat, certaines de ces actions requi\u00e8rent imp\u00e9rativement une bonne ma\u00eetrise de l\u2019eau afin de garantir les productions agricoles, pastorales et piscicoles attendues.<\/p>\n\n\n\n<p class=\"has-small-font-size\">Le Pr\u00e9sident Faye a \u00e9galement annonc\u00e9 l\u2019importance de ce projet, qui constitue un levier strat\u00e9gique pour s\u00e9curiser la productivit\u00e9 de l\u2019agropole centre et favoriser l\u2019insertion socio-professionnelle, avec des perspectives de cr\u00e9ation d\u2019environ 30 000 emplois. Le PROMOREN contribuera \u00e0 la souverainet\u00e9 alimentaire et \u00e0 la r\u00e9silience des \u00e9cosyst\u00e8mes face aux changements climatiques, facilitant ainsi le d\u00e9veloppement des terroirs dans la zone du bassin arachidier.<\/p>\n\n\n\n<figure class=\"wp-block-image size-large\"><img loading=\"lazy\" decoding=\"async\" width=\"1024\" height=\"683\" src=\"https:\/\/saintlouisnews.sn\/wp-content\/uploads\/2025\/02\/image-1-1024x683.png\" alt=\"\" class=\"wp-image-5782\" srcset=\"https:\/\/saintlouisnews.sn\/wp-content\/uploads\/2025\/02\/image-1-1024x683.png 1024w, https:\/\/saintlouisnews.sn\/wp-content\/uploads\/2025\/02\/image-1-300x200.png 300w, https:\/\/saintlouisnews.sn\/wp-content\/uploads\/2025\/02\/image-1-768x512.png 768w, https:\/\/saintlouisnews.sn\/wp-content\/uploads\/2025\/02\/image-1-1536x1025.png 1536w, https:\/\/saintlouisnews.sn\/wp-content\/uploads\/2025\/02\/image-1.png 2048w\" sizes=\"auto, (max-width: 1024px) 100vw, 1024px\" \/><\/figure>\n\n\n\n<p class=\"has-small-font-size\">\u00ab Il s\u2019agit d\u2019un levier strat\u00e9gique pour s\u00e9curiser la productivit\u00e9 de l\u2019Agropole Centre et favoriser l\u2019insertion socio-professionnelle, avec des perspectives de cr\u00e9ation d\u2019au moins 30 000 emplois directs, sans compter les opportunit\u00e9s d\u2019emplois indirects. Ce dispositif constituera \u00e9galement un moyen efficace pour fixer les jeunes dans leur terroir et lutter contre le ph\u00e9nom\u00e8ne migratoire. Par ailleurs, le PROMOREN permettra une r\u00e9duction des in\u00e9galit\u00e9s sociales en augmentant consid\u00e9rablement les revenus des travailleurs et entrepreneurs ruraux, notamment les agriculteurs, \u00e9leveurs et aquaculteurs, gr\u00e2ce \u00e0 la diversification des revenus et \u00e0 l\u2019am\u00e9lioration de la productivit\u00e9 de leurs activit\u00e9s. Il garantira \u00e9galement une \u00e9quit\u00e9 territoriale en d\u00e9veloppant des p\u00f4les \u00e9conomiques pour r\u00e9duire progressivement la macroc\u00e9phalie de la r\u00e9gion de Dakar, qui concentre depuis des d\u00e9cennies la majorit\u00e9 des opportunit\u00e9s d\u2019emploi du pays \u00bb, a ajout\u00e9 le Pr\u00e9sident Bassirou Diomaye Faye.<\/p>\n\n\n\n<p class=\"has-small-font-size\">Pour le lancement officiel du Projet PROMOREN \u00e0 Koungheul, Diarra Sow, Directrice g\u00e9n\u00e9rale de l&rsquo;Office des Lacs et Cours d&rsquo;Eau (OLAC), estime que ce lancement \u00ab\u00a0marque une \u00e9tape majeure pour la gestion durable de nos ressources en eau et le d\u00e9veloppement de nos territoires\u00a0\u00bb. Elle a eu l\u2019honneur, aux c\u00f4t\u00e9s du Ministre de l\u2019Hydraulique et de l\u2019Assainissement Cheikh Tidiane Di\u00e9ye et du gouverneur de Kaffrine Moustapha Diaw, d\u2019accueillir Son Excellence, Monsieur Pr\u00e9sident de la R\u00e9publique du S\u00e9n\u00e9gal.<\/p>\n","protected":false},"excerpt":{"rendered":"<p>Ce vendredi, \u00e0 Koungheul, dans la r\u00e9gion de Kaffrine, le Pr\u00e9sident Bassirou Diomaye Faye a proc\u00e9d\u00e9 \u00e0 la pose de la premi\u00e8re pierre du Projet de mobilisation des ressources en eau du bassin versant du Nianijia Bolong (PROMOREN). Ce projet, financ\u00e9 \u00e0 hauteur de 36 milliards de FCFA, est soutenu \u00e0 92 % par un &hellip;<\/p>\n","protected":false},"author":1,"featured_media":5779,"comment_status":"open","ping_status":"open","sticky":false,"template":"","format":"standard","meta":{"footnotes":""},"categories":[219,244],"tags":[],"class_list":["post-5778","post","type-post","status-publish","format-standard","has-post-thumbnail","hentry","category-actualites","category-economie"],"_links":{"self":[{"href":"https:\/\/saintlouisnews.sn\/index.php?rest_route=\/wp\/v2\/posts\/5778","targetHints":{"allow":["GET"]}}],"collection":[{"href":"https:\/\/saintlouisnews.sn\/index.php?rest_route=\/wp\/v2\/posts"}],"about":[{"href":"https:\/\/saintlouisnews.sn\/index.php?rest_route=\/wp\/v2\/types\/post"}],"author":[{"embeddable":true,"href":"https:\/\/saintlouisnews.sn\/index.php?rest_route=\/wp\/v2\/users\/1"}],"replies":[{"embeddable":true,"href":"https:\/\/saintlouisnews.sn\/index.php?rest_route=%2Fwp%2Fv2%2Fcomments&post=5778"}],"version-history":[{"count":3,"href":"https:\/\/saintlouisnews.sn\/index.php?rest_route=\/wp\/v2\/posts\/5778\/revisions"}],"predecessor-version":[{"id":5786,"href":"https:\/\/saintlouisnews.sn\/index.php?rest_route=\/wp\/v2\/posts\/5778\/revisions\/5786"}],"wp:featuredmedia":[{"embeddable":true,"href":"https:\/\/saintlouisnews.sn\/index.php?rest_route=\/wp\/v2\/media\/5779"}],"wp:attachment":[{"href":"https:\/\/saintlouisnews.sn\/index.php?rest_route=%2Fwp%2Fv2%2Fmedia&parent=5778"}],"wp:term":[{"taxonomy":"category","embeddable":true,"href":"https:\/\/saintlouisnews.sn\/index.php?rest_route=%2Fwp%2Fv2%2Fcategories&post=5778"},{"taxonomy":"post_tag","embeddable":true,"href":"https:\/\/saintlouisnews.sn\/index.php?rest_route=%2Fwp%2Fv2%2Ftags&post=5778"}],"curies":[{"name":"wp","href":"https:\/\/api.w.org\/{rel}","templated":true}]}}