{"id":5824,"date":"2025-02-27T23:46:22","date_gmt":"2025-02-27T23:46:22","guid":{"rendered":"https:\/\/saintlouisnews.sn\/?p=5824"},"modified":"2025-02-27T23:46:24","modified_gmt":"2025-02-27T23:46:24","slug":"fama-bachir-ba-une-polyglotte-au-parlement-panafricain","status":"publish","type":"post","link":"https:\/\/saintlouisnews.sn\/?p=5824","title":{"rendered":"Fama Bachir B\u00c2\u00a0:Une polyglotte\u00a0au parlement panafricain"},"content":{"rendered":"\n<p><strong><em>Fama Bachir B\u00e2, investie sur la liste PASTEF, parti au pouvoir, d\u00e9put\u00e9 \u00e0 l\u2019h\u00e9micycle, a int\u00e9gr\u00e9 le prestigieux parlement africain. Sa discipline et son engagement aupr\u00e8s de son leader Ousmane Sonko, ses comp\u00e9tences linguistiques viennent d\u2019\u00eatre r\u00e9compens\u00e9s. Elle fait partie des cinq d\u00e9put\u00e9s s\u00e9n\u00e9galais membres du Parlement panafricain.<\/em><\/strong><\/p>\n\n\n\n<p>Le Parlement Panafricain (PAN) organise, depuis le 18 F\u00e9vrier&nbsp; jusqu\u2019au 28 f\u00e9vrier 2025, \u00e0 Johannesburg, en Afrique du Sud, une r\u00e9union des commissions permanentes et autres organes de l&rsquo;institution. Cette session se tient sous le th\u00e8me de l&rsquo;Union africaine : <strong><em>\u00ab&nbsp;Justice pour les Africains et les personnes d\u2019ascendance africaine gr\u00e2ce aux r\u00e9parations&nbsp;\u00bb.<\/em><\/strong> Le S\u00e9n\u00e9gal est repr\u00e9sent\u00e9 par une d\u00e9l\u00e9gation parlementaire, conduite par l&rsquo;honorable d\u00e9put\u00e9 Massamba Dieng, chef de la d\u00e9l\u00e9gation. Elle est \u00e9galement compos\u00e9e des honorables Lamine Faye, Fama Bachir Ba, Yoba Bald\u00e9, Th\u00e9r\u00e8se Faye, ainsi que de M. Saloly Fadel Tour\u00e9, Secr\u00e9taire g\u00e9n\u00e9ral adjoint de l\u2019Assembl\u00e9e nationale du S\u00e9n\u00e9gal. \u00c0 leur arriv\u00e9e en Afrique du Sud, les parlementaires s\u00e9n\u00e9galais ont \u00e9t\u00e9 accueillis par l\u2019honorable Lamine Faye, Mme Peinda Guiss\u00e8 Ndiaye, charg\u00e9e des affaires de l\u2019Ambassade du S\u00e9n\u00e9gal en Afrique du Sud, et M. Cheikh Camara, conseiller \u00e0 l\u2019ambassade. Les nouveaux l\u00e9gislateurs africains ont pr\u00eat\u00e9 serment en tant que membres du Parlement panafricain. Parmi eux, la saint-louisienne Fama Bachir B\u00e2. Cette derni\u00e8re est professeure d\u2019anglais. Elle est aussi doctorante en sociologie et militante de la premi\u00e8re heure du parti au pouvoir PASTEF depuis sa cr\u00e9ation. Elle a aval\u00e9 beaucoup de couleuvres sous l\u2019ancien r\u00e9gime. La responsable des enseignants patriotiques de Saint-Louis, a \u00e9t\u00e9 de tous les combats pour l\u2019implantation du PASTEF dans le d\u00e9partement de Saint-Louis. Redoutable adepte de la politique de proximit\u00e9, Fama Bachir B\u00c2 b\u00e9n\u00e9ficie d\u2019un capital estime aupr\u00e8s des cercles des femmes et des jeunes saint-louisiens. Elue d\u00e9put\u00e9e du peuple, Fama Bachir B\u00e2 qui parle Anglais, Fran\u00e7ais et Arabe,&nbsp;mettra \u00e0 profit ses connaissances linguistiques. Selon certains, les langues parl\u00e9es par la parlementaire \u00ab&nbsp;constituent un atout pour elle&nbsp;\u00bb. A les en croire, Fama Bachir B\u00c2 incarne le mod\u00e8le de femme engag\u00e9e et d\u00e9vou\u00e9e qui \u0153uvre sans rel\u00e2che pour l\u2019autonomisation des communaut\u00e9s locales \u00e0 Saint-Louis et pour le d\u00e9veloppement durable du S\u00e9n\u00e9gal.<\/p>\n","protected":false},"excerpt":{"rendered":"<p>Fama Bachir B\u00e2, investie sur la liste PASTEF, parti au pouvoir, d\u00e9put\u00e9 \u00e0 l\u2019h\u00e9micycle, a int\u00e9gr\u00e9 le prestigieux parlement africain. Sa discipline et son engagement aupr\u00e8s de son leader Ousmane Sonko, ses comp\u00e9tences linguistiques viennent d\u2019\u00eatre r\u00e9compens\u00e9s. Elle fait partie des cinq d\u00e9put\u00e9s s\u00e9n\u00e9galais membres du Parlement panafricain. Le Parlement Panafricain (PAN) organise, depuis le &hellip;<\/p>\n","protected":false},"author":1,"featured_media":5820,"comment_status":"open","ping_status":"open","sticky":false,"template":"","format":"standard","meta":{"footnotes":""},"categories":[218,219],"tags":[],"class_list":["post-5824","post","type-post","status-publish","format-standard","has-post-thumbnail","hentry","category-a-laune","category-actualites"],"_links":{"self":[{"href":"https:\/\/saintlouisnews.sn\/index.php?rest_route=\/wp\/v2\/posts\/5824","targetHints":{"allow":["GET"]}}],"collection":[{"href":"https:\/\/saintlouisnews.sn\/index.php?rest_route=\/wp\/v2\/posts"}],"about":[{"href":"https:\/\/saintlouisnews.sn\/index.php?rest_route=\/wp\/v2\/types\/post"}],"author":[{"embeddable":true,"href":"https:\/\/saintlouisnews.sn\/index.php?rest_route=\/wp\/v2\/users\/1"}],"replies":[{"embeddable":true,"href":"https:\/\/saintlouisnews.sn\/index.php?rest_route=%2Fwp%2Fv2%2Fcomments&post=5824"}],"version-history":[{"count":1,"href":"https:\/\/saintlouisnews.sn\/index.php?rest_route=\/wp\/v2\/posts\/5824\/revisions"}],"predecessor-version":[{"id":5825,"href":"https:\/\/saintlouisnews.sn\/index.php?rest_route=\/wp\/v2\/posts\/5824\/revisions\/5825"}],"wp:featuredmedia":[{"embeddable":true,"href":"https:\/\/saintlouisnews.sn\/index.php?rest_route=\/wp\/v2\/media\/5820"}],"wp:attachment":[{"href":"https:\/\/saintlouisnews.sn\/index.php?rest_route=%2Fwp%2Fv2%2Fmedia&parent=5824"}],"wp:term":[{"taxonomy":"category","embeddable":true,"href":"https:\/\/saintlouisnews.sn\/index.php?rest_route=%2Fwp%2Fv2%2Fcategories&post=5824"},{"taxonomy":"post_tag","embeddable":true,"href":"https:\/\/saintlouisnews.sn\/index.php?rest_route=%2Fwp%2Fv2%2Ftags&post=5824"}],"curies":[{"name":"wp","href":"https:\/\/api.w.org\/{rel}","templated":true}]}}