{"id":5846,"date":"2025-03-09T00:02:49","date_gmt":"2025-03-09T00:02:49","guid":{"rendered":"https:\/\/saintlouisnews.sn\/?p=5846"},"modified":"2025-03-09T00:02:50","modified_gmt":"2025-03-09T00:02:50","slug":"solidarite-ramadan-long-qatar-charity-soulage-400-familles-dans-la-region-de-dakar","status":"publish","type":"post","link":"https:\/\/saintlouisnews.sn\/?p=5846","title":{"rendered":"SOLIDARIT\u00c9 RAMADAN : L\u2019Ong Qatar Charity soulage 400 familles dans la r\u00e9gion de Dakar"},"content":{"rendered":"\n<p>L\u2019Ong Qatar Charity a organis\u00e9 hier sa deuxi\u00e8me \u00e9dition de distribution de kits alimentaire \u00e0 Pikine. La c\u00e9r\u00e9monie s\u2019est d\u00e9roul\u00e9e au Service d\u00e9partemental de l\u2019action sociale Pikine (SDAS) dirig\u00e9e par Mme Diallo, Aminata Aris. Pour ce ramadan 2025, Qatar Charity a offert 400 kits alimentaires dans la r\u00e9gion de Dakar. Le kit est compos\u00e9 de riz, de l\u2019huile, du sucre, de la patte, du lait, des dattes, entre autres. Selon Imam Assane Ciss\u00e9 Seck responsable de l\u2019Action sociale \u00e0 l\u2019Ong Qatar Charity, 1065 familles seront soutenues, \u00e0 travers la direction de l\u2019action sociale.<\/p>\n\n\n\n<p>\u00ab\u00a0Mais pour la r\u00e9gion de Dakar, 400 kits seront distribu\u00e9s et le reste est destin\u00e9 aux autres r\u00e9gions\u00a0\u00bb a expliqu\u00e9 Imam Assane Ciss\u00e9 Seck. \u00ab\u00a0Notre objectif est de soutenir les familles n\u00e9cessiteuses, les personnes vuln\u00e9rables, les handicap\u00e9s, les orphelins etc.\u00a0\u00bb a soulign\u00e9 Imam Seck.<\/p>\n\n\n\n<p>Mais au totale ce sont 3820 kits alimentaires au S\u00e9n\u00e9gal, r\u00e9partis entre la direction de l\u2019action sociale, le ministre de la Famille et des solidarit\u00e9s, les orphelinats et les personnes vuln\u00e9rables parrain\u00e9s par l\u2019Ong. La c\u00e9r\u00e9monie de distribution a \u00e9t\u00e9 pr\u00e9sid\u00e9e par le directeur r\u00e9gional de l\u2019action sociale de Dakar.<\/p>\n\n\n\n<p>Elhadj Malick Sougou n\u2019a pas manqu\u00e9 de magnifier ce geste. Selon lui, il est venu au bon moment pour les b\u00e9n\u00e9ficiaires car le mois de ramadan est une p\u00e9riode de forte consommation. \u00ab\u00a0Aucun geste n\u2019est de trop pour soulager les personnes vuln\u00e9rables\u00a0\u00bb a-t-il dit. Il a aussi indiqu\u00e9 que le besoin d\u2019appui des populations est bien r\u00e9el dans la r\u00e9gion de Dakar<\/p>\n","protected":false},"excerpt":{"rendered":"<p>L\u2019Ong Qatar Charity a organis\u00e9 hier sa deuxi\u00e8me \u00e9dition de distribution de kits alimentaire \u00e0 Pikine. La c\u00e9r\u00e9monie s\u2019est d\u00e9roul\u00e9e au Service d\u00e9partemental de l\u2019action sociale Pikine (SDAS) dirig\u00e9e par Mme Diallo, Aminata Aris. Pour ce ramadan 2025, Qatar Charity a offert 400 kits alimentaires dans la r\u00e9gion de Dakar. Le kit est compos\u00e9 de &hellip;<\/p>\n","protected":false},"author":1,"featured_media":5847,"comment_status":"open","ping_status":"open","sticky":false,"template":"","format":"standard","meta":{"footnotes":""},"categories":[218,219],"tags":[],"class_list":["post-5846","post","type-post","status-publish","format-standard","has-post-thumbnail","hentry","category-a-laune","category-actualites"],"_links":{"self":[{"href":"https:\/\/saintlouisnews.sn\/index.php?rest_route=\/wp\/v2\/posts\/5846","targetHints":{"allow":["GET"]}}],"collection":[{"href":"https:\/\/saintlouisnews.sn\/index.php?rest_route=\/wp\/v2\/posts"}],"about":[{"href":"https:\/\/saintlouisnews.sn\/index.php?rest_route=\/wp\/v2\/types\/post"}],"author":[{"embeddable":true,"href":"https:\/\/saintlouisnews.sn\/index.php?rest_route=\/wp\/v2\/users\/1"}],"replies":[{"embeddable":true,"href":"https:\/\/saintlouisnews.sn\/index.php?rest_route=%2Fwp%2Fv2%2Fcomments&post=5846"}],"version-history":[{"count":1,"href":"https:\/\/saintlouisnews.sn\/index.php?rest_route=\/wp\/v2\/posts\/5846\/revisions"}],"predecessor-version":[{"id":5848,"href":"https:\/\/saintlouisnews.sn\/index.php?rest_route=\/wp\/v2\/posts\/5846\/revisions\/5848"}],"wp:featuredmedia":[{"embeddable":true,"href":"https:\/\/saintlouisnews.sn\/index.php?rest_route=\/wp\/v2\/media\/5847"}],"wp:attachment":[{"href":"https:\/\/saintlouisnews.sn\/index.php?rest_route=%2Fwp%2Fv2%2Fmedia&parent=5846"}],"wp:term":[{"taxonomy":"category","embeddable":true,"href":"https:\/\/saintlouisnews.sn\/index.php?rest_route=%2Fwp%2Fv2%2Fcategories&post=5846"},{"taxonomy":"post_tag","embeddable":true,"href":"https:\/\/saintlouisnews.sn\/index.php?rest_route=%2Fwp%2Fv2%2Ftags&post=5846"}],"curies":[{"name":"wp","href":"https:\/\/api.w.org\/{rel}","templated":true}]}}