{"id":587,"date":"2022-09-08T22:21:36","date_gmt":"2022-09-08T22:21:36","guid":{"rendered":"https:\/\/saintlouisnews.sn\/?p=587"},"modified":"2022-09-08T22:21:36","modified_gmt":"2022-09-08T22:21:36","slug":"journees-de-consultations-medicales","status":"publish","type":"post","link":"https:\/\/saintlouisnews.sn\/?p=587","title":{"rendered":"Journ\u00e9es de consultations m\u00e9dicales"},"content":{"rendered":"<p>Journ\u00e9es de consultations m\u00e9dicales<\/p>\n<p>Les pr\u00e9paratifs vont bon train au niveau de la commune de Gandon. Une d\u00e9l\u00e9gation compos\u00e9e de la DAHW et des services de l&rsquo;Action sociale a rencontr\u00e9 le 1er Adjoint au Maire, la pr\u00e9sidente de la commission Sant\u00e9 et Action, le pr\u00e9sident de la section communale des associations des personnes handicap\u00e9es ainsi que le cabinet du maire et des membres des instances des Ph, afin de faire les derniers r\u00e9glages. Tout est presque fin pr\u00eat pour la r\u00e9ussite de ces journ\u00e9es de consultations m\u00e9dicales initi\u00e9es par l&rsquo;Ong allemande dans le cadre du PASBE. Ndiaye DIOP, 1er Adjoint au Maire de Gandon a rassur\u00e9 tout le monde signalant que la mairie ne m\u00e9nagera aucun effort pour la r\u00e9ussite de cette journ\u00e9e du 10 septembre 2022.<\/p>\n","protected":false},"excerpt":{"rendered":"<p>Journ\u00e9es de consultations m\u00e9dicales Les pr\u00e9paratifs vont bon train au niveau de la commune de Gandon. Une d\u00e9l\u00e9gation compos\u00e9e de la DAHW et des services de l&rsquo;Action sociale a rencontr\u00e9 le 1er Adjoint au Maire, la pr\u00e9sidente de la commission Sant\u00e9 et Action, le pr\u00e9sident de la section communale des associations des personnes handicap\u00e9es ainsi &hellip;<\/p>\n","protected":false},"author":1,"featured_media":588,"comment_status":"open","ping_status":"open","sticky":false,"template":"","format":"standard","meta":{"footnotes":""},"categories":[231],"tags":[],"class_list":["post-587","post","type-post","status-publish","format-standard","has-post-thumbnail","hentry","category-societe"],"_links":{"self":[{"href":"https:\/\/saintlouisnews.sn\/index.php?rest_route=\/wp\/v2\/posts\/587","targetHints":{"allow":["GET"]}}],"collection":[{"href":"https:\/\/saintlouisnews.sn\/index.php?rest_route=\/wp\/v2\/posts"}],"about":[{"href":"https:\/\/saintlouisnews.sn\/index.php?rest_route=\/wp\/v2\/types\/post"}],"author":[{"embeddable":true,"href":"https:\/\/saintlouisnews.sn\/index.php?rest_route=\/wp\/v2\/users\/1"}],"replies":[{"embeddable":true,"href":"https:\/\/saintlouisnews.sn\/index.php?rest_route=%2Fwp%2Fv2%2Fcomments&post=587"}],"version-history":[{"count":0,"href":"https:\/\/saintlouisnews.sn\/index.php?rest_route=\/wp\/v2\/posts\/587\/revisions"}],"wp:featuredmedia":[{"embeddable":true,"href":"https:\/\/saintlouisnews.sn\/index.php?rest_route=\/wp\/v2\/media\/588"}],"wp:attachment":[{"href":"https:\/\/saintlouisnews.sn\/index.php?rest_route=%2Fwp%2Fv2%2Fmedia&parent=587"}],"wp:term":[{"taxonomy":"category","embeddable":true,"href":"https:\/\/saintlouisnews.sn\/index.php?rest_route=%2Fwp%2Fv2%2Fcategories&post=587"},{"taxonomy":"post_tag","embeddable":true,"href":"https:\/\/saintlouisnews.sn\/index.php?rest_route=%2Fwp%2Fv2%2Ftags&post=587"}],"curies":[{"name":"wp","href":"https:\/\/api.w.org\/{rel}","templated":true}]}}