{"id":5905,"date":"2025-04-02T22:14:46","date_gmt":"2025-04-02T22:14:46","guid":{"rendered":"https:\/\/saintlouisnews.sn\/?p=5905"},"modified":"2025-04-02T22:14:47","modified_gmt":"2025-04-02T22:14:47","slug":"urgent-lassemblee-nationale-adopte-la-loi-interpretative-de-lamnistie","status":"publish","type":"post","link":"https:\/\/saintlouisnews.sn\/?p=5905","title":{"rendered":"URGENT : L\u2019ASSEMBL\u00c9E NATIONALE ADOPTE LA LOI INTERPR\u00c9TATIVE DE L\u2019AMNISTIE"},"content":{"rendered":"\n<p>Apr\u00e8s plusieurs heures de d\u00e9bats houleux, l\u2019Assembl\u00e9e nationale a finalement adopt\u00e9 la loi interpr\u00e9tative de la loi d\u2019amnistie. Ce texte, port\u00e9 par le d\u00e9put\u00e9 Amadou Ba, \u00e9lu sous la banni\u00e8re du parti Pastef, visait \u00e0 pr\u00e9ciser les contours de l\u2019amnistie vot\u00e9e en 2024, qui continue de diviser la classe politique.La s\u00e9ance pl\u00e9ni\u00e8re, marqu\u00e9e par des \u00e9changes vifs entre la majorit\u00e9 et l\u2019opposition, a mis en lumi\u00e8re des divergences profondes sur la port\u00e9e et les implications de cette nouvelle interpr\u00e9tation. Si les d\u00e9put\u00e9s du Pastef ont d\u00e9fendu une n\u00e9cessit\u00e9 de clarification juridique, leurs adversaires politiques ont d\u00e9nonc\u00e9 une tentative d\u00e9guis\u00e9e de r\u00e9\u00e9criture de l\u2019histoire.Lors des discussions, plusieurs figures de l\u2019h\u00e9micycle, dont la d\u00e9put\u00e9e Marie Ang\u00e9lique Selb\u00e9 Diouf, ont pris la parole pour exiger justice et pointer du doigt les responsabilit\u00e9s des anciens dirigeants. L\u2019opposition, quant \u00e0 elle, a d\u00e9nonc\u00e9 un \u00ab camouflage juridique \u00bb destin\u00e9 \u00e0 prot\u00e9ger certains acteurs politiques.Finalement, gr\u00e2ce \u00e0 la majorit\u00e9 d\u00e9tenue par Pastef (130 si\u00e8ges sur 165), la loi a \u00e9t\u00e9 adopt\u00e9e, malgr\u00e9 la contestation v\u00e9h\u00e9mente d\u2019une partie de l\u2019opposition. Cette adoption ouvre d\u00e9sormais la voie \u00e0 son application, sous l\u2019\u00e9gide du minist\u00e8re de la Justice, qui devra veiller \u00e0 sa mise en \u0153uvre dans un climat politique toujours \u00e9lectrique.La proposition de loi vise \u00e0 clarifier le champ d\u2019application de l\u2019amnistie, notamment en ce qui concerne les infractions commises durant la p\u00e9riode pr\u00e9\u00e9lectorale de 2021 \u00e0 2024. Selon l\u2019article 2 du texte, \u00ab sont amnisti\u00e9s de plein droit tous les faits susceptibles de qualification criminelle ou correctionnelle ayant exclusivement une motivation politique, y compris ceux commis par tout support de communication, entre le 1\u1d49\u02b3 f\u00e9vrier 2021 et le 25 f\u00e9vrier 2024, tant au S\u00e9n\u00e9gal qu\u2019\u00e0 l\u2019\u00e9tranger \u00bb. Toutefois, les actes li\u00e9s \u00e0 des manifestations ne sont couverts que s\u2019ils r\u00e9pondent \u00e0 cette m\u00eame condition de motivation politique.L\u2019amnistie entra\u00eene ainsi la suppression d\u00e9finitive de toutes les peines, ainsi que des sanctions accessoires et compl\u00e9mentaires. Elle annule \u00e9galement toute forme d\u2019exclusion, d\u2019incapacit\u00e9 ou de privation de droits d\u00e9coulant des condamnations concern\u00e9es. Cependant, conform\u00e9ment \u00e0 l\u2019article 3 de la loi n\u00b02024-09, les droits des tiers et des victimes restent prot\u00e9g\u00e9s, permettant \u00e0 ces derni\u00e8res de poursuivre une r\u00e9paration. En outre, la contrainte par corps ne peut \u00eatre exerc\u00e9e contre les b\u00e9n\u00e9ficiaires de l\u2019amnistie, sauf \u00e0 la demande des victimes ou de leurs ayants droit.<\/p>\n","protected":false},"excerpt":{"rendered":"<p>Apr\u00e8s plusieurs heures de d\u00e9bats houleux, l\u2019Assembl\u00e9e nationale a finalement adopt\u00e9 la loi interpr\u00e9tative de la loi d\u2019amnistie. Ce texte, port\u00e9 par le d\u00e9put\u00e9 Amadou Ba, \u00e9lu sous la banni\u00e8re du parti Pastef, visait \u00e0 pr\u00e9ciser les contours de l\u2019amnistie vot\u00e9e en 2024, qui continue de diviser la classe politique.La s\u00e9ance pl\u00e9ni\u00e8re, marqu\u00e9e par des &hellip;<\/p>\n","protected":false},"author":1,"featured_media":5906,"comment_status":"open","ping_status":"open","sticky":false,"template":"","format":"standard","meta":{"footnotes":""},"categories":[218,219],"tags":[],"class_list":["post-5905","post","type-post","status-publish","format-standard","has-post-thumbnail","hentry","category-a-laune","category-actualites"],"_links":{"self":[{"href":"https:\/\/saintlouisnews.sn\/index.php?rest_route=\/wp\/v2\/posts\/5905","targetHints":{"allow":["GET"]}}],"collection":[{"href":"https:\/\/saintlouisnews.sn\/index.php?rest_route=\/wp\/v2\/posts"}],"about":[{"href":"https:\/\/saintlouisnews.sn\/index.php?rest_route=\/wp\/v2\/types\/post"}],"author":[{"embeddable":true,"href":"https:\/\/saintlouisnews.sn\/index.php?rest_route=\/wp\/v2\/users\/1"}],"replies":[{"embeddable":true,"href":"https:\/\/saintlouisnews.sn\/index.php?rest_route=%2Fwp%2Fv2%2Fcomments&post=5905"}],"version-history":[{"count":1,"href":"https:\/\/saintlouisnews.sn\/index.php?rest_route=\/wp\/v2\/posts\/5905\/revisions"}],"predecessor-version":[{"id":5907,"href":"https:\/\/saintlouisnews.sn\/index.php?rest_route=\/wp\/v2\/posts\/5905\/revisions\/5907"}],"wp:featuredmedia":[{"embeddable":true,"href":"https:\/\/saintlouisnews.sn\/index.php?rest_route=\/wp\/v2\/media\/5906"}],"wp:attachment":[{"href":"https:\/\/saintlouisnews.sn\/index.php?rest_route=%2Fwp%2Fv2%2Fmedia&parent=5905"}],"wp:term":[{"taxonomy":"category","embeddable":true,"href":"https:\/\/saintlouisnews.sn\/index.php?rest_route=%2Fwp%2Fv2%2Fcategories&post=5905"},{"taxonomy":"post_tag","embeddable":true,"href":"https:\/\/saintlouisnews.sn\/index.php?rest_route=%2Fwp%2Fv2%2Ftags&post=5905"}],"curies":[{"name":"wp","href":"https:\/\/api.w.org\/{rel}","templated":true}]}}