{"id":5949,"date":"2025-04-17T23:29:55","date_gmt":"2025-04-17T23:29:55","guid":{"rendered":"https:\/\/saintlouisnews.sn\/?p=5949"},"modified":"2025-04-17T23:30:34","modified_gmt":"2025-04-17T23:30:34","slug":"mansour-faye-interdit-de-quitter-le-territoire-le-procureur-declenche-la-machine-de-la-haute-cour-de-justice","status":"publish","type":"post","link":"https:\/\/saintlouisnews.sn\/?p=5949","title":{"rendered":"Mansour Faye interdit de quitter le territoire : Le procureur d\u00e9clenche la machine de la Haute Cour de Justice"},"content":{"rendered":"\n<p>Le couperet est tomb\u00e9. Selon les informations de&nbsp;<em>Lib\u00e9ration<\/em>, c\u2019est ce jeudi que Mansour Faye devra se pr\u00e9senter \u00e0 la Division des investigations criminelles (DIC) pour se voir notifier officiellement une interdiction de sortie du territoire national.<\/p>\n\n\n\n<p>D\u2019apr\u00e8s des sources concordantes, cette d\u00e9cision fait suite \u00e0 une saisine du procureur g\u00e9n\u00e9ral pr\u00e8s la Cour supr\u00eame, Mback\u00e9 Fall, qui a adress\u00e9 une demande formelle au ministre de l\u2019Int\u00e9rieur afin que soit notifi\u00e9e \u00e0 Mansour Faye, qualifi\u00e9 de \u00ab justiciable de la Haute Cour de Justice \u00bb, une interdiction de quitter le territoire.&nbsp;<a href=\"https:\/\/senego.com\/traduction-devant-la-haute-cour-de-justice-5-anciens-ministres-sous-macky-sall-signales-a-lassemblee-nationale_1827668.html\">L\u2019objectif : garantir la s\u00e9r\u00e9nit\u00e9 et l\u2019efficacit\u00e9 des investigations en cours sur la gestion controvers\u00e9e des Fonds de riposte contre la Covid-19<\/a>.<\/p>\n\n\n\n<p>En r\u00e9ponse \u00e0 cette requ\u00eate, le ministre de l\u2019Int\u00e9rieur a pris un arr\u00eat\u00e9 actant l\u2019interdiction de sortie, lequel sera notifi\u00e9 dans les prochaines heures \u00e0 l\u2019int\u00e9ress\u00e9. Cette d\u00e9cision confirme, en filigrane, que la proc\u00e9dure devant la Haute Cour de Justice est bel et bien enclench\u00e9e, et que la comparution de Mansour Faye devant cette juridiction d\u2019exception semble d\u00e9sormais in\u00e9vitable.<\/p>\n\n\n\n<p>Pour rappel, l\u2019ancien ministre du D\u00e9veloppement communautaire, \u00e9galement beau-fr\u00e8re de l\u2019ex-pr\u00e9sident Macky Sall, a d\u00e9j\u00e0 \u00e9t\u00e9 emp\u00each\u00e9 \u00e0 deux reprises de quitter le territoire s\u00e9n\u00e9galais, sans qu\u2019aucune justification officielle ne lui ait \u00e9t\u00e9 communiqu\u00e9e.\u00a0<a href=\"https:\/\/senego.com\/mansour-faye-a-la-dic-ce-lundi-mobilisation-sans-faille-des-femmes-de-lapr-pour-un-marathon-de-soutien_1826194.html\">Le dernier \u00e9pisode en date remonte \u00e0 jeudi dernier<\/a>, lorsqu\u2019il a \u00e9t\u00e9 intercept\u00e9 alors qu\u2019il s\u2019appr\u00eatait \u00e0 embarquer sur le vol HF 0701. Il affirme pourtant avoir en sa possession une d\u00e9cision favorable de la Cour supr\u00eame l\u2019autorisant \u00e0 voyager.<\/p>\n\n\n\n<p>Dans cette affaire, l\u2019Assembl\u00e9e nationale s\u2019appr\u00eate \u00e0 jouer un r\u00f4le d\u00e9cisif.\u00a0<a href=\"https:\/\/senego.com\/convoque-a-la-dic-ce-jeudi-mansour-faye-va-se-voir-notifier-officiellement-son-interdiction-de-quitter-le-territoire_1827479.html\">Elle envisage de transmettre \u00e0 la Haute Cour de Justice une demande de mise en accusation visant plusieurs anciens ministres impliqu\u00e9s dans la gestion des fonds Covid-19<\/a>, au premier rang desquels figure Mansour Faye.<\/p>\n","protected":false},"excerpt":{"rendered":"<p>Le couperet est tomb\u00e9. Selon les informations de&nbsp;Lib\u00e9ration, c\u2019est ce jeudi que Mansour Faye devra se pr\u00e9senter \u00e0 la Division des investigations criminelles (DIC) pour se voir notifier officiellement une interdiction de sortie du territoire national. D\u2019apr\u00e8s des sources concordantes, cette d\u00e9cision fait suite \u00e0 une saisine du procureur g\u00e9n\u00e9ral pr\u00e8s la Cour supr\u00eame, Mback\u00e9 &hellip;<\/p>\n","protected":false},"author":1,"featured_media":5950,"comment_status":"open","ping_status":"open","sticky":false,"template":"","format":"standard","meta":{"footnotes":""},"categories":[218,219,231],"tags":[],"class_list":["post-5949","post","type-post","status-publish","format-standard","has-post-thumbnail","hentry","category-a-laune","category-actualites","category-societe"],"_links":{"self":[{"href":"https:\/\/saintlouisnews.sn\/index.php?rest_route=\/wp\/v2\/posts\/5949","targetHints":{"allow":["GET"]}}],"collection":[{"href":"https:\/\/saintlouisnews.sn\/index.php?rest_route=\/wp\/v2\/posts"}],"about":[{"href":"https:\/\/saintlouisnews.sn\/index.php?rest_route=\/wp\/v2\/types\/post"}],"author":[{"embeddable":true,"href":"https:\/\/saintlouisnews.sn\/index.php?rest_route=\/wp\/v2\/users\/1"}],"replies":[{"embeddable":true,"href":"https:\/\/saintlouisnews.sn\/index.php?rest_route=%2Fwp%2Fv2%2Fcomments&post=5949"}],"version-history":[{"count":1,"href":"https:\/\/saintlouisnews.sn\/index.php?rest_route=\/wp\/v2\/posts\/5949\/revisions"}],"predecessor-version":[{"id":5951,"href":"https:\/\/saintlouisnews.sn\/index.php?rest_route=\/wp\/v2\/posts\/5949\/revisions\/5951"}],"wp:featuredmedia":[{"embeddable":true,"href":"https:\/\/saintlouisnews.sn\/index.php?rest_route=\/wp\/v2\/media\/5950"}],"wp:attachment":[{"href":"https:\/\/saintlouisnews.sn\/index.php?rest_route=%2Fwp%2Fv2%2Fmedia&parent=5949"}],"wp:term":[{"taxonomy":"category","embeddable":true,"href":"https:\/\/saintlouisnews.sn\/index.php?rest_route=%2Fwp%2Fv2%2Fcategories&post=5949"},{"taxonomy":"post_tag","embeddable":true,"href":"https:\/\/saintlouisnews.sn\/index.php?rest_route=%2Fwp%2Fv2%2Ftags&post=5949"}],"curies":[{"name":"wp","href":"https:\/\/api.w.org\/{rel}","templated":true}]}}