{"id":5992,"date":"2025-04-23T23:48:12","date_gmt":"2025-04-23T23:48:12","guid":{"rendered":"https:\/\/saintlouisnews.sn\/?p=5992"},"modified":"2025-04-23T23:49:47","modified_gmt":"2025-04-23T23:49:47","slug":"%f0%9d%98%bf%f0%9d%99%9a%f0%9d%99%a2%f0%9d%99%96%f0%9d%99%a7%f0%9d%99%a7%f0%9d%99%96%f0%9d%99%9c%f0%9d%99%9a-%f0%9d%99%99%f0%9d%99%9a%f0%9d%99%a8-%f0%9d%99%80%f0%9d%99%a5%f0%9d%99%a7","status":"publish","type":"post","link":"https:\/\/saintlouisnews.sn\/?p=5992","title":{"rendered":"\ud835\ude3f\u00e9\ud835\ude62\ud835\ude56\ud835\ude67\ud835\ude67\ud835\ude56\ud835\ude5c\ud835\ude5a \ud835\ude59\ud835\ude5a\ud835\ude68 \u00e9\ud835\ude65\ud835\ude67\ud835\ude5a\ud835\ude6a\ud835\ude6b\ud835\ude5a\ud835\ude68 \ud835\ude59\ud835\ude6a \ud835\ude3e\ud835\ude64\ud835\ude63\ud835\ude58\ud835\ude64\ud835\ude6a\ud835\ude67\ud835\ude68 \ud835\ude42\u00e9\ud835\ude63\u00e9\ud835\ude67\ud835\ude56\ud835\ude61 \ud835\ude59\ud835\ude56\ud835\ude63\ud835\ude68 l\u2019\ud835\ude3c\ud835\ude58\ud835\ude56\ud835\ude59\u00e9\ud835\ude62\ud835\ude5e\ud835\ude5a"},"content":{"rendered":"\n<p>Les \u00e9preuves du \ud835\ude3e\ud835\ude64\ud835\ude63\ud835\ude58\ud835\ude64\ud835\ude6a\ud835\ude67\ud835\ude68 \ud835\ude42\u00e9n\u00e9r\ud835\ude56\ud835\ude61 ont d\u00e9but\u00e9 ce mercredi 23 avril 2025 dans l\u2019Acad\u00e9mie, rassemblant les \ud835\ude62\ud835\ude5a\ud835\ude5e\ud835\ude61\ud835\ude61\ud835\ude5a\ud835\ude6a\ud835\ude67\ud835\ude68 \u00e9l\u00e8ves des classes de Premi\u00e8re et de Terminale. Au total, <strong>257 candidats<\/strong> en Premi\u00e8re et <strong>218 en Terminale<\/strong> s\u2019affrontent dans toutes les disciplines, lors de cette comp\u00e9tition prestigieuse.<\/p>\n\n\n\n<p>Les \u00e9preuves se d\u00e9roulent dans deux centres d\u2019examen ( Lyc\u00e9e Charles de Gaulle et Lyc\u00e9e Technique Andr\u00e9 Peytavin, sous une stricte surveillance pour garantir l\u2019\u00e9quit\u00e9 et le s\u00e9rieux des \u00e9valuations. Ce concours, qui r\u00e9compense l\u2019excellence acad\u00e9mique, met \u00e0 l\u2019honneur le m\u00e9rite et le travail rigoureux des candidats.<\/p>\n","protected":false},"excerpt":{"rendered":"<p>Les \u00e9preuves du \ud835\ude3e\ud835\ude64\ud835\ude63\ud835\ude58\ud835\ude64\ud835\ude6a\ud835\ude67\ud835\ude68 \ud835\ude42\u00e9n\u00e9r\ud835\ude56\ud835\ude61 ont d\u00e9but\u00e9 ce mercredi 23 avril 2025 dans l\u2019Acad\u00e9mie, rassemblant les \ud835\ude62\ud835\ude5a\ud835\ude5e\ud835\ude61\ud835\ude61\ud835\ude5a\ud835\ude6a\ud835\ude67\ud835\ude68 \u00e9l\u00e8ves des classes de Premi\u00e8re et de Terminale. Au total, 257 candidats en Premi\u00e8re et 218 en Terminale s\u2019affrontent dans toutes les disciplines, lors de cette comp\u00e9tition prestigieuse. Les \u00e9preuves se d\u00e9roulent dans deux centres d\u2019examen ( Lyc\u00e9e &hellip;<\/p>\n","protected":false},"author":1,"featured_media":5993,"comment_status":"open","ping_status":"open","sticky":false,"template":"","format":"standard","meta":{"footnotes":""},"categories":[219],"tags":[],"class_list":["post-5992","post","type-post","status-publish","format-standard","has-post-thumbnail","hentry","category-actualites"],"_links":{"self":[{"href":"https:\/\/saintlouisnews.sn\/index.php?rest_route=\/wp\/v2\/posts\/5992","targetHints":{"allow":["GET"]}}],"collection":[{"href":"https:\/\/saintlouisnews.sn\/index.php?rest_route=\/wp\/v2\/posts"}],"about":[{"href":"https:\/\/saintlouisnews.sn\/index.php?rest_route=\/wp\/v2\/types\/post"}],"author":[{"embeddable":true,"href":"https:\/\/saintlouisnews.sn\/index.php?rest_route=\/wp\/v2\/users\/1"}],"replies":[{"embeddable":true,"href":"https:\/\/saintlouisnews.sn\/index.php?rest_route=%2Fwp%2Fv2%2Fcomments&post=5992"}],"version-history":[{"count":2,"href":"https:\/\/saintlouisnews.sn\/index.php?rest_route=\/wp\/v2\/posts\/5992\/revisions"}],"predecessor-version":[{"id":5996,"href":"https:\/\/saintlouisnews.sn\/index.php?rest_route=\/wp\/v2\/posts\/5992\/revisions\/5996"}],"wp:featuredmedia":[{"embeddable":true,"href":"https:\/\/saintlouisnews.sn\/index.php?rest_route=\/wp\/v2\/media\/5993"}],"wp:attachment":[{"href":"https:\/\/saintlouisnews.sn\/index.php?rest_route=%2Fwp%2Fv2%2Fmedia&parent=5992"}],"wp:term":[{"taxonomy":"category","embeddable":true,"href":"https:\/\/saintlouisnews.sn\/index.php?rest_route=%2Fwp%2Fv2%2Fcategories&post=5992"},{"taxonomy":"post_tag","embeddable":true,"href":"https:\/\/saintlouisnews.sn\/index.php?rest_route=%2Fwp%2Fv2%2Ftags&post=5992"}],"curies":[{"name":"wp","href":"https:\/\/api.w.org\/{rel}","templated":true}]}}