{"id":6013,"date":"2025-04-27T23:39:38","date_gmt":"2025-04-27T23:39:38","guid":{"rendered":"https:\/\/saintlouisnews.sn\/?p=6013"},"modified":"2025-04-27T23:43:29","modified_gmt":"2025-04-27T23:43:29","slug":"dethie-fall-revient-sur-sa-relation-etroite-avec-le-premier-ministre-ousmane-sonko-une-proximite-forgee-dans-les-luttes-de-lopposition","status":"publish","type":"post","link":"https:\/\/saintlouisnews.sn\/?p=6013","title":{"rendered":"D\u00e9thi\u00e9 Fall revient sur sa relation \u00e9troite avec le Premier ministre Ousmane Sonko, une proximit\u00e9 forg\u00e9e dans les luttes de l\u2019opposition"},"content":{"rendered":"\n<p>Interpell\u00e9 sur la nature de cette complicit\u00e9, D\u00e9thi\u00e9 Fall a balay\u00e9 toute id\u00e9e de myst\u00e8re : \u00ab Il n\u2019y a pas de secret dans cette proximit\u00e9. Il ne faut pas avoir la m\u00e9moire courte. Nous avons toujours \u00e9t\u00e9 ensemble dans l\u2019opposition. \u00c0 chaque fois que vous voyez le pr\u00e9sident Ousmane Sonko, vous me voyez \u00e0 ses c\u00f4t\u00e9s \u00bb, a-t-il rappel\u00e9.<\/p>\n\n\n\n<p>D\u00e9thi\u00e9 Fall a ainsi \u00e9voqu\u00e9 des \u00e9pisodes marquants de leur engagement commun contre le pouvoir en place : gazages, arrestations, blocus, rien n\u2019a sembl\u00e9 entamer leur d\u00e9termination partag\u00e9e. \u00ab Quand il s\u2019agissait de le gazer, on me gazait en m\u00eame temps. Quand il s\u2019agissait de l\u2019arr\u00eater, j\u2019\u00e9tais toujours l\u00e0. Quand il fallait faire face au pouvoir, j\u2019\u00e9tais pr\u00e9sent \u00bb, a-t-il insist\u00e9.<\/p>\n\n\n\n<p>Au-del\u00e0 de cette camaraderie forg\u00e9e dans l\u2019adversit\u00e9, le leader du parti r\u00e9publicain pour le progr\u00e8s souligne \u00ab&nbsp;l\u2019importance d\u2019une continuit\u00e9 dans les engagements pris face aux S\u00e9n\u00e9galais&nbsp;\u00bb.<\/p>\n\n\n\n<p>\u00ab C\u2019est un r\u00f4le de \u00ab\u00a0conseiller\u00a0\u00bb que j\u2019assume, dans une dynamique collective. Nous travaillons \u00e0 renforcer la majorit\u00e9 mais surtout \u00e0 veiller au respect des engagements pris envers le peuple \u00bb, a-t-il affirm\u00e9, en \u00e9voquant les rencontres avec d\u2019autres leaders historiques de l\u2019opposition.<\/p>\n\n\n\n<p>\u00c0 ce titre, il se dit encourag\u00e9 par la constance observ\u00e9e chez les plus hautes autorit\u00e9s actuelles : \u00ab C\u2019est heureux de voir le Pr\u00e9sident de la R\u00e9publique Bassirou Diomaye Faye et le Premier ministre Ousmane Sonko rester profond\u00e9ment ancr\u00e9s sur cette trajectoire \u00bb, a salu\u00e9 D\u00e9thi\u00e9 Fall.<\/p>\n\n\n\n<p>Interrog\u00e9 sur une \u00e9ventuelle entr\u00e9e au gouvernement, l\u2019ancien d\u00e9put\u00e9 a pr\u00e9f\u00e9r\u00e9 botter en touche : \u00ab Ce n\u2019est pas la fonction qui d\u00e9termine la qualit\u00e9 de l\u2019engagement. Notre priorit\u00e9 est de r\u00e9pondre aux pr\u00e9occupations du peuple s\u00e9n\u00e9galais, en mettant toute notre expertise au service du pays \u00bb, a-t-il conclu.<\/p>\n","protected":false},"excerpt":{"rendered":"<p>Interpell\u00e9 sur la nature de cette complicit\u00e9, D\u00e9thi\u00e9 Fall a balay\u00e9 toute id\u00e9e de myst\u00e8re : \u00ab Il n\u2019y a pas de secret dans cette proximit\u00e9. Il ne faut pas avoir la m\u00e9moire courte. Nous avons toujours \u00e9t\u00e9 ensemble dans l\u2019opposition. \u00c0 chaque fois que vous voyez le pr\u00e9sident Ousmane Sonko, vous me voyez \u00e0 &hellip;<\/p>\n","protected":false},"author":1,"featured_media":5317,"comment_status":"open","ping_status":"open","sticky":false,"template":"","format":"standard","meta":{"footnotes":""},"categories":[218,219,228],"tags":[],"class_list":["post-6013","post","type-post","status-publish","format-standard","has-post-thumbnail","hentry","category-a-laune","category-actualites","category-politique"],"_links":{"self":[{"href":"https:\/\/saintlouisnews.sn\/index.php?rest_route=\/wp\/v2\/posts\/6013","targetHints":{"allow":["GET"]}}],"collection":[{"href":"https:\/\/saintlouisnews.sn\/index.php?rest_route=\/wp\/v2\/posts"}],"about":[{"href":"https:\/\/saintlouisnews.sn\/index.php?rest_route=\/wp\/v2\/types\/post"}],"author":[{"embeddable":true,"href":"https:\/\/saintlouisnews.sn\/index.php?rest_route=\/wp\/v2\/users\/1"}],"replies":[{"embeddable":true,"href":"https:\/\/saintlouisnews.sn\/index.php?rest_route=%2Fwp%2Fv2%2Fcomments&post=6013"}],"version-history":[{"count":3,"href":"https:\/\/saintlouisnews.sn\/index.php?rest_route=\/wp\/v2\/posts\/6013\/revisions"}],"predecessor-version":[{"id":6018,"href":"https:\/\/saintlouisnews.sn\/index.php?rest_route=\/wp\/v2\/posts\/6013\/revisions\/6018"}],"wp:featuredmedia":[{"embeddable":true,"href":"https:\/\/saintlouisnews.sn\/index.php?rest_route=\/wp\/v2\/media\/5317"}],"wp:attachment":[{"href":"https:\/\/saintlouisnews.sn\/index.php?rest_route=%2Fwp%2Fv2%2Fmedia&parent=6013"}],"wp:term":[{"taxonomy":"category","embeddable":true,"href":"https:\/\/saintlouisnews.sn\/index.php?rest_route=%2Fwp%2Fv2%2Fcategories&post=6013"},{"taxonomy":"post_tag","embeddable":true,"href":"https:\/\/saintlouisnews.sn\/index.php?rest_route=%2Fwp%2Fv2%2Ftags&post=6013"}],"curies":[{"name":"wp","href":"https:\/\/api.w.org\/{rel}","templated":true}]}}