{"id":6061,"date":"2025-05-15T23:09:20","date_gmt":"2025-05-15T23:09:20","guid":{"rendered":"https:\/\/saintlouisnews.sn\/?p=6061"},"modified":"2025-05-15T23:15:13","modified_gmt":"2025-05-15T23:15:13","slug":"jpe-zone-nord-les-efforts-de-la-der-fj-commencent-a-produire-des-effets-concrets-selon-la-deleguee-generale-aida-mbodj","status":"publish","type":"post","link":"https:\/\/saintlouisnews.sn\/?p=6061","title":{"rendered":"JPE ZONE NORD : \u00ab Les efforts de la DER\/FJ commencent \u00e0 produire des effets concrets\u00a0\u00bb, selon la D\u00e9l\u00e9gu\u00e9e g\u00e9n\u00e9rale A\u00efda Mbodj"},"content":{"rendered":"\n<p><strong><em>La ville de Saint-Louis est le lieu de convergence de plusieurs centaines de jeunes et de femmes venus participer au lancement des Journ\u00e9es de Promotion de l\u2019Entrepreneuriat (JPE) dans la zone nord. Cette initiative, port\u00e9e par la D\u00e9l\u00e9gation g\u00e9n\u00e9rale \u00e0 l\u2019Entrepreneuriat rapide des Femmes et des Jeunes (DER\/FJ), <strong>en partenariat avec <\/strong>le think tank<strong> Initiative Prospective agricole et rurale (IPAR), s\u2019inscrit dans une strat\u00e9gie ambitieuse de territorialisation et de transformation \u00e9conomique inclusive, centr\u00e9e sur les femmes, les jeunes et les secteurs \u00e0 fort potentiel dans la zone nord.<\/strong><\/em><\/strong><\/p>\n\n\n\n<p>&nbsp;\u00ab&nbsp;L\u2019entrepreneuriat occupe une place centrale dans le Plan strat\u00e9gique de D\u00e9veloppement national 2025-2029 ainsi que dans l\u2019Agenda national de transformation \u00ab S\u00e9n\u00e9gal 2050 \u00bb, port\u00e9s par le pr\u00e9sident Bassirou Diomaye Faye. Il va bien au-del\u00e0 de la lutte contre le ch\u00f4mage. Il constitue un levier de souverainet\u00e9 \u00e9conomique, de justice sociale et de dynamisation des territoires. C\u2019est dans cette optique que la DER\/FJ a adopt\u00e9 une strat\u00e9gie de territorialisation de ses actions, en installant des antennes d\u00e9partementales dans toute la zone nord : Saint-Louis, Podor, Dagana, Matam, Louga, entre autres. Cette proximit\u00e9 permet un accompagnement mieux adapt\u00e9 aux r\u00e9alit\u00e9s locales \u00bb. Ces propos sont de Mme  A\u00efda Mbodj. Selon la D\u00e9l\u00e9gu\u00e9e g\u00e9n\u00e9rale, les r\u00e9sultats obtenus sont prometteurs et parlent d\u2019eux-m\u00eames partout \u00e0 travers le S\u00e9n\u00e9gal avec plus de 35.000 b\u00e9n\u00e9ficiaires. \u00ab&nbsp;Les efforts de la DER\/FJ commencent \u00e0 produire des effets concrets. 35 234 b\u00e9n\u00e9ficiaires ont \u00e9t\u00e9 financ\u00e9s. &nbsp;17,9 milliards de FCFA ont \u00e9t\u00e9 inject\u00e9s dans des secteurs cl\u00e9s tels que la riziculture, la p\u00eache, l\u2019\u00e9levage ou encore la transformation agroalimentaire&nbsp;\u00bb, a r\u00e9v\u00e9l\u00e9 Mme A\u00efda&nbsp;Mbodji. D\u2019apr\u00e8s&nbsp;; ce n\u2019est pas seulement le financement qui a \u00e9t\u00e9 effectu\u00e9. A l\u2019en croire, un accent particulier a \u00e9t\u00e9 mis sur la formation pour mieux pr\u00e9parer les b\u00e9n\u00e9ficiaires. \u00ab&nbsp;6 071 personnes ont \u00e9t\u00e9 form\u00e9es. 1 165 unit\u00e9s \u00e9conomiques ont \u00e9t\u00e9 aussi immatricul\u00e9es \u00bb, a encore d\u00e9clar\u00e9 la D\u00e9l\u00e9gu\u00e9e g\u00e9n\u00e9rale de la DER\/FJ.<\/p>\n\n\n\n<p><strong><em>Le PAVIE 2 : une nouvelle \u00e8re pour l\u2019entrepreneuriat s\u00e9n\u00e9galais<\/em><\/strong><\/p>\n\n\n\n<p>D\u2019apr\u00e8s elle, de nouvelles mutations s\u2019op\u00e8rent pour l\u2019inclusion avant de revenir sur l\u2019importance de ces journ\u00e9es dans la zone nord. \u00ab&nbsp;Elles s\u2019inscrivent dans le sillage du lancement r\u00e9cent du Projet d\u2019Appui et de Valorisation des Initiatives Entrepreneuriales (PAVIE 2), un programme d\u2019envergure dot\u00e9 d\u2019un budget de 107,2 milliards de FCFA. Ce dispositif ambitieux vise notamment \u00e0 &nbsp;financer 27 000 projets, cr\u00e9er plus de 92 000 emplois durables, former 12 900 entrepreneurs et immatriculer plus de 1 300 unit\u00e9s \u00e9conomiques. Le PAVIE 2 met un accent particulier sur l\u2019inclusion des jeunes et des femmes, la promotion de l\u2019\u00e9conomie verte, la r\u00e9silience climatique, ainsi que la valorisation des cha\u00eenes de valeurs locales \u00bb, a-t-elle inform\u00e9.<\/p>\n\n\n\n<p>Ces journ\u00e9es permettront aux participants de rencontrer des experts, partenaires et clients potentiels. Ils auront l\u2019occasion de participer \u00e0 des ateliers pratiques et \u00e0 des tables rondes, de d\u00e9couvrir et exposer des produits issus du savoir-faire local, de tisser des liens durables au sein d\u2019un r\u00e9seau entrepreneurial national. Ce sera un tournant d\u00e9cisif pour le d\u00e9veloppement \u00e9conomique de la zone nord.<\/p>\n\n\n\n<p>Mme A\u00efda Mbodj a magnifi\u00e9 l\u2019engagement des partenaires notamment l\u2019IPAR et l\u2019\u00c9cole des Entrepreneurs du Qu\u00e9bec (EEQ), pour leur appui technique d\u00e9terminant. Nonobstant, elle a lanc\u00e9 un appel \u00e0 la construction d\u2019un \u00e9cosyst\u00e8me entrepreneurial fort, r\u00e9silient et inclusif, \u00e0 m\u00eame de transformer durablement les territoires du nord du S\u00e9n\u00e9gal.<\/p>\n\n\n\n<p>Le gouverneur Al Hassan Sall se r\u00e9jouit du choix de Saint-Louis pour abriter cette importante rencontre qui lutte contre la pauvret\u00e9.<\/p>\n","protected":false},"excerpt":{"rendered":"<p>La ville de Saint-Louis est le lieu de convergence de plusieurs centaines de jeunes et de femmes venus participer au lancement des Journ\u00e9es de Promotion de l\u2019Entrepreneuriat (JPE) dans la zone nord. Cette initiative, port\u00e9e par la D\u00e9l\u00e9gation g\u00e9n\u00e9rale \u00e0 l\u2019Entrepreneuriat rapide des Femmes et des Jeunes (DER\/FJ), en partenariat avec le think tank Initiative &hellip;<\/p>\n","protected":false},"author":1,"featured_media":6062,"comment_status":"open","ping_status":"open","sticky":false,"template":"","format":"standard","meta":{"footnotes":""},"categories":[218,219,244],"tags":[],"class_list":["post-6061","post","type-post","status-publish","format-standard","has-post-thumbnail","hentry","category-a-laune","category-actualites","category-economie"],"_links":{"self":[{"href":"https:\/\/saintlouisnews.sn\/index.php?rest_route=\/wp\/v2\/posts\/6061","targetHints":{"allow":["GET"]}}],"collection":[{"href":"https:\/\/saintlouisnews.sn\/index.php?rest_route=\/wp\/v2\/posts"}],"about":[{"href":"https:\/\/saintlouisnews.sn\/index.php?rest_route=\/wp\/v2\/types\/post"}],"author":[{"embeddable":true,"href":"https:\/\/saintlouisnews.sn\/index.php?rest_route=\/wp\/v2\/users\/1"}],"replies":[{"embeddable":true,"href":"https:\/\/saintlouisnews.sn\/index.php?rest_route=%2Fwp%2Fv2%2Fcomments&post=6061"}],"version-history":[{"count":3,"href":"https:\/\/saintlouisnews.sn\/index.php?rest_route=\/wp\/v2\/posts\/6061\/revisions"}],"predecessor-version":[{"id":6065,"href":"https:\/\/saintlouisnews.sn\/index.php?rest_route=\/wp\/v2\/posts\/6061\/revisions\/6065"}],"wp:featuredmedia":[{"embeddable":true,"href":"https:\/\/saintlouisnews.sn\/index.php?rest_route=\/wp\/v2\/media\/6062"}],"wp:attachment":[{"href":"https:\/\/saintlouisnews.sn\/index.php?rest_route=%2Fwp%2Fv2%2Fmedia&parent=6061"}],"wp:term":[{"taxonomy":"category","embeddable":true,"href":"https:\/\/saintlouisnews.sn\/index.php?rest_route=%2Fwp%2Fv2%2Fcategories&post=6061"},{"taxonomy":"post_tag","embeddable":true,"href":"https:\/\/saintlouisnews.sn\/index.php?rest_route=%2Fwp%2Fv2%2Ftags&post=6061"}],"curies":[{"name":"wp","href":"https:\/\/api.w.org\/{rel}","templated":true}]}}