{"id":6075,"date":"2025-05-21T15:21:09","date_gmt":"2025-05-21T15:21:09","guid":{"rendered":"https:\/\/saintlouisnews.sn\/?p=6075"},"modified":"2025-05-21T15:21:13","modified_gmt":"2025-05-21T15:21:13","slug":"a-la-decouverte-de-tabax-nite-un-centre-dautorealisation-communautaire-dans-le-gandiolais-avec-aps","status":"publish","type":"post","link":"https:\/\/saintlouisnews.sn\/?p=6075","title":{"rendered":"A la d\u00e9couverte de \u00ab\u00a0Tabax-nit\u00e9\u00a0\u00bb, un centre d&rsquo;autor\u00e9alisation communautaire dans le Gandiolais avec APS"},"content":{"rendered":"\n<p>Gandiol (Saint-Louis), 21 mai (APS) \u2013 Le centre d\u2019autor\u00e9alisation communautaire de Gandiol (nord), commun\u00e9ment appel\u00e9 \u201cTabax Nit\u00e9\u201d, occupe une place de choix dans le projet entrepreneurial de \u201cHahatay\u201d, une association qui place l\u2019humain au c\u0153ur des pr\u00e9occupations du quotidien.<\/p>\n\n\n\n<p>Situ\u00e9 dans le Gandiolais, sur le littoral nord, dans la r\u00e9gion de Saint-Louis, il est bord\u00e9 par des figuiers de Barbarie (Garga Mboss\u00e9, en wolof), loin de la pollution et des embouteillages. \u00c0 l\u2019entr\u00e9e, un grand tableau d\u2019affichage renseigne sur les principales missions du centre.<\/p>\n\n\n\n<p>Le style particulier de ses b\u00e2timents, r\u00e9alis\u00e9s \u00e0 partir de mat\u00e9riels locaux naturels et durables, suffit \u00e0 lui seul comme indication des ambitions poursuivies par les promoteurs \u00e0 travers le concept d\u2019autor\u00e9alisation.<\/p>\n\n\n\n<p>Du bois, de l\u2019argile, de la paille et m\u00eame des objets recycl\u00e9s (pneus, etc.) sont utilis\u00e9s pour la construction de cette infrastructure sociale de base, afin qu\u2019elle soit suffisamment digne d\u2019un centre d\u2019autor\u00e9alisation communautaire. Ses toitures en ardoise ajoutent une certaine \u00e9l\u00e9gance \u00e0 une architecture qui semble privil\u00e9gier la main d\u2019\u0153uvre locale.<\/p>\n\n\n\n<p>Ce projet d\u2019innovation entrepreneuriale mis en place par Mamadou Dia, un entrepreneur social originaire de Gandiol, abrite une maison d\u00e9di\u00e9e aux femmes, commun\u00e9ment appel\u00e9e \u201cK\u00ebru Jig\u00e9en \u00f1i\u201d, une ferme servant d\u2019exploitation agricole, mais \u00e9galement une radio communautaire appel\u00e9e \u201cGandiol G\u00ebm Sunu Bopp FM\u201d.<\/p>\n\n\n\n<p>D\u2019autres activit\u00e9s sont aussi pratiqu\u00e9es dans ce centre, comme l\u2019aviculture et l\u2019\u00e9levage bovin.<\/p>\n\n\n\n<p>\u201cLe centre Tabax Nit\u00e9, c\u2019est le centre d\u2019exp\u00e9rimentation en autor\u00e9alisation communautaire. Il comporte un espace d\u2019exp\u00e9rimentation en agro\u00e9cologie, mais aussi un espace de production audiovisuelle qui se nomme F\u00ebs [\u2026]. On a commenc\u00e9 en mars 2020, et \u00e7a a co\u00efncid\u00e9 avec l\u2019av\u00e8nement de la pand\u00e9mie de Covid-19. Il y a une vingtaine de personnes qui travaillent ici\u201d, a expliqu\u00e9 le promoteur.<\/p>\n\n\n\n<figure class=\"wp-block-image size-large\"><img loading=\"lazy\" decoding=\"async\" width=\"1024\" height=\"427\" src=\"https:\/\/saintlouisnews.sn\/wp-content\/uploads\/2025\/05\/tabakh-nite-1-1024x427.webp\" alt=\"\" class=\"wp-image-6078\" srcset=\"https:\/\/saintlouisnews.sn\/wp-content\/uploads\/2025\/05\/tabakh-nite-1-1024x427.webp 1024w, https:\/\/saintlouisnews.sn\/wp-content\/uploads\/2025\/05\/tabakh-nite-1-300x125.webp 300w, https:\/\/saintlouisnews.sn\/wp-content\/uploads\/2025\/05\/tabakh-nite-1-768x320.webp 768w, https:\/\/saintlouisnews.sn\/wp-content\/uploads\/2025\/05\/tabakh-nite-1.webp 1200w\" sizes=\"auto, (max-width: 1024px) 100vw, 1024px\" \/><\/figure>\n\n\n\n<p>D\u2019apr\u00e8s Mamadou Dia, la mise en place de ce centre r\u00e9pond \u00e0 \u201cune vocation claire\u201d, qui vise \u00e0 rendre \u00e0 l\u2019humain toute sa dignit\u00e9, d\u2019o\u00f9 le sens et la port\u00e9e du concept \u201cTabax Nit\u00e9\u201d.<\/p>\n\n\n\n<p>\u201cLe point central de ce spiral, c\u2019est l\u2019humain. Donc, il y a la culture, la communication, l\u2019agro\u00e9cologie, la bioconstruction, l\u2019artisanat, la sant\u00e9, l\u2019\u00e9ducation, la formation. C\u2019est tout cela qui fait que l\u2019humain puisse s\u2019\u00e9panouir\u201d, a-t-il d\u00e9taill\u00e9, dreadlocks bien en \u00e9vidence.<\/p>\n\n\n\n<p>Toujours dans une dynamique d\u2019innovation entrepreneuriale, l\u2019association \u201cHahatay\u201d (Cris de joie en fran\u00e7ais), \u00e0 travers son fondateur Mamadou Dia, a mis en place d\u2019autres infrastructures sociales de base pour le d\u00e9veloppement communautaire dans le Gandiolais, dont le centre culturel Aminata de Gandiol, mais \u00e9galement un centre de recyclage autrement appel\u00e9 \u201cD\u00e9farat\u201d.<\/p>\n\n\n\n<p>Le centre culturel Aminata, construit \u00e0 l\u2019image de celui du centre d\u2019autor\u00e9alisation \u201cTabax Nit\u00e9\u201d, est un espace symbolisant un cadre id\u00e9al pour les acteurs culturels, mais aussi pour les autres franges de la soci\u00e9t\u00e9.<\/p>\n\n\n\n<p>De par sa dimension polyvalente, le centre culturel Aminata de Gandiol est un centre visant principalement \u00e0 promouvoir l\u2019\u00e9ducation non-formelle, a indiqu\u00e9 son initiateur Mamadou Dia.<\/p>\n\n\n\n<p>Au-del\u00e0 des espaces d\u00e9di\u00e9s aux animations culturelles, ce centre culturel abrite aussi une biblioth\u00e8que.<\/p>\n\n\n\n<p><strong>\u201cD\u00e9farat\u201d ou centre de recyclage<\/strong><\/p>\n\n\n\n<p>Implant\u00e9 au c\u0153ur du Gandiol, il a pour vocation de collecter et traiter les d\u00e9chets notamment plastiques afin de les r\u00e9utiliser. Un mod\u00e8le qui vise \u00e0 valoriser les d\u00e9chets.<\/p>\n\n\n\n<p>Le centre de recyclage \u201cD\u00e9farat\u201d est une microentreprise et un espace d\u2019exercice. \u201cOn y essaie de repenser l\u2019\u00e9conomie circulaire, c\u2019est-\u00e0-dire comment transformer ces d\u00e9chets plastiques que nous produisons. Et une fois transform\u00e9s, comment les vendre\u201d, a-t-il fait savoir.<\/p>\n\n\n\n<p>Commune situ\u00e9e \u00e0 une vingtaine de kilom\u00e8tres de la ville de Saint-Louis, plus pr\u00e9cis\u00e9ment sur la Grande-C\u00f4te, non loin de l\u2019embouchure du fleuve S\u00e9n\u00e9gal, Gandiol b\u00e9n\u00e9ficie aujourd\u2019hui de nombreuses infrastructures sociales de base, gr\u00e2ce \u00e0 l\u2019engagement social d\u2019un fils du terroir, en la personne de Mamadou Dia, \u00e0 travers son association \u201cHahatay\u201d.<\/p>\n\n\n\n<p>Sur l\u2019\u00cele de Saint-Louis, class\u00e9e patrimoine mondial de l\u2019UNESCO depuis 2000, l\u2019association \u201cHahatay\u201d a mis en place deux projets ambitieux dans l\u2019optique de promouvoir la culture, le patrimoine, mais \u00e9galement la communication, avec la cr\u00e9ation de centres \u201cJangkom\u201d (\u201cJang\u201d pour apprendre et \u201cKom\u201d pour communication) et \u201dNdar Weesul\u201d (Ce n\u2019est jamais tard pour Saint-Louis).<\/p>\n\n\n\n<p>En bon entrepreneur social, Mamadou Dia se d\u00e9finit comme un \u201c\u00e9ternel migrant\u201d. Il a d\u00e9cid\u00e9 de s\u2019investir au S\u00e9n\u00e9gal, particuli\u00e8rement dans sa terre d\u2019origine, le Gandiolais, apr\u00e8s ses ann\u00e9es d\u2019expatriation. M\u00eame s\u2019il n\u2019a pas d\u00e9voil\u00e9 le co\u00fbt de son investissement, il reconnait tout de m\u00eame qu\u2019un tel projet n\u00e9cessite des moyens importants.<\/p>\n\n\n\n<p>Cr\u00e9\u00e9e en 2014 en Espagne, puis en 2016 au S\u00e9n\u00e9gal, \u201cHahatay\u201d est une association qui travaille avec le concept wolof \u201cMan na nekk\u201d (c\u2019est possible, en fran\u00e7ais). Son origine vient de l\u2019exp\u00e9rience migratoire de son fondateur, Mamadou Dia.<\/p>\n","protected":false},"excerpt":{"rendered":"<p>Gandiol (Saint-Louis), 21 mai (APS) \u2013 Le centre d\u2019autor\u00e9alisation communautaire de Gandiol (nord), commun\u00e9ment appel\u00e9 \u201cTabax Nit\u00e9\u201d, occupe une place de choix dans le projet entrepreneurial de \u201cHahatay\u201d, une association qui place l\u2019humain au c\u0153ur des pr\u00e9occupations du quotidien. Situ\u00e9 dans le Gandiolais, sur le littoral nord, dans la r\u00e9gion de Saint-Louis, il est bord\u00e9 &hellip;<\/p>\n","protected":false},"author":1,"featured_media":6077,"comment_status":"open","ping_status":"open","sticky":false,"template":"","format":"standard","meta":{"footnotes":""},"categories":[219,231],"tags":[],"class_list":["post-6075","post","type-post","status-publish","format-standard","has-post-thumbnail","hentry","category-actualites","category-societe"],"_links":{"self":[{"href":"https:\/\/saintlouisnews.sn\/index.php?rest_route=\/wp\/v2\/posts\/6075","targetHints":{"allow":["GET"]}}],"collection":[{"href":"https:\/\/saintlouisnews.sn\/index.php?rest_route=\/wp\/v2\/posts"}],"about":[{"href":"https:\/\/saintlouisnews.sn\/index.php?rest_route=\/wp\/v2\/types\/post"}],"author":[{"embeddable":true,"href":"https:\/\/saintlouisnews.sn\/index.php?rest_route=\/wp\/v2\/users\/1"}],"replies":[{"embeddable":true,"href":"https:\/\/saintlouisnews.sn\/index.php?rest_route=%2Fwp%2Fv2%2Fcomments&post=6075"}],"version-history":[{"count":1,"href":"https:\/\/saintlouisnews.sn\/index.php?rest_route=\/wp\/v2\/posts\/6075\/revisions"}],"predecessor-version":[{"id":6079,"href":"https:\/\/saintlouisnews.sn\/index.php?rest_route=\/wp\/v2\/posts\/6075\/revisions\/6079"}],"wp:featuredmedia":[{"embeddable":true,"href":"https:\/\/saintlouisnews.sn\/index.php?rest_route=\/wp\/v2\/media\/6077"}],"wp:attachment":[{"href":"https:\/\/saintlouisnews.sn\/index.php?rest_route=%2Fwp%2Fv2%2Fmedia&parent=6075"}],"wp:term":[{"taxonomy":"category","embeddable":true,"href":"https:\/\/saintlouisnews.sn\/index.php?rest_route=%2Fwp%2Fv2%2Fcategories&post=6075"},{"taxonomy":"post_tag","embeddable":true,"href":"https:\/\/saintlouisnews.sn\/index.php?rest_route=%2Fwp%2Fv2%2Ftags&post=6075"}],"curies":[{"name":"wp","href":"https:\/\/api.w.org\/{rel}","templated":true}]}}