{"id":6148,"date":"2025-06-05T00:58:20","date_gmt":"2025-06-05T00:58:20","guid":{"rendered":"https:\/\/saintlouisnews.sn\/?p=6148"},"modified":"2025-06-05T10:38:54","modified_gmt":"2025-06-05T10:38:54","slug":"tabaski-2025-dr-ahmadou-dia-donne-le-sourire-a-1-000-enfants-vulnerables","status":"publish","type":"post","link":"https:\/\/saintlouisnews.sn\/?p=6148","title":{"rendered":"Tabaski 2025: Dr Ahmadou Dia donne le sourire \u00e0 1.000 enfants vuln\u00e9rables"},"content":{"rendered":"\n<p>Dr Ahmadou Dia, pharmacien, s&rsquo;est encore distingu\u00e9 et de fort belle mani\u00e8re. Il a perp\u00e9tu\u00e9 la tradition avec l&rsquo;organisation de la quatri\u00e8me \u00e9dition de dons d&rsquo;habits destin\u00e9s aux enfants \u00e2g\u00e9s de 5 \u00e0 15 ans. Cette \u0153uvre humanitaire inscrite dans l&rsquo;agenda des grands rendez- vous sociaux de la vieille ville, nonobstant la conjoncture, a encore eu lieu. Le nombre de 1.000 a \u00e9t\u00e9 maintenu au grand bonheur des b\u00e9n\u00e9ficiaires et de leurs parents venus de tout le d\u00e9partement de Saint-Louis. Cette quatri\u00e8me \u00e9dition a connu un franc succ\u00e8s. \u00ab\u00a0Cette activit\u00e9 entre dans le cadre de la solidarit\u00e9. Notre esprit de solidarit\u00e9 concerne les enfants surtout durant la f\u00eate de Tabaski. Nous allons chaque ann\u00e9e tout mettre en \u0153uvre pour respecter notre engagement vis-\u00e0-vis de cette cible\u00a0\u00bb, a signal\u00e9 Dr Ahmadou Dia devant des enfants enthousiasm\u00e9s. A travers ce geste de port\u00e9e sociale, l&rsquo;ancien d\u00e9put\u00e9 socialiste, donne le sourire \u00e0 un millier d&rsquo;enfants qui vont passer la f\u00eate de Tabaski comme leurs pairs. Ce geste d\u00e9montre encore l&rsquo;engagement du donateur \u00e0 \u0153uvrer pour le bonheur des enfants.<\/p>\n","protected":false},"excerpt":{"rendered":"<p>Dr Ahmadou Dia, pharmacien, s&rsquo;est encore distingu\u00e9 et de fort belle mani\u00e8re. Il a perp\u00e9tu\u00e9 la tradition avec l&rsquo;organisation de la quatri\u00e8me \u00e9dition de dons d&rsquo;habits destin\u00e9s aux enfants \u00e2g\u00e9s de 5 \u00e0 15 ans. Cette \u0153uvre humanitaire inscrite dans l&rsquo;agenda des grands rendez- vous sociaux de la vieille ville, nonobstant la conjoncture, a encore &hellip;<\/p>\n","protected":false},"author":1,"featured_media":6151,"comment_status":"open","ping_status":"open","sticky":false,"template":"","format":"standard","meta":{"footnotes":""},"categories":[218,219,230],"tags":[],"class_list":["post-6148","post","type-post","status-publish","format-standard","has-post-thumbnail","hentry","category-a-laune","category-actualites","category-sociale"],"_links":{"self":[{"href":"https:\/\/saintlouisnews.sn\/index.php?rest_route=\/wp\/v2\/posts\/6148","targetHints":{"allow":["GET"]}}],"collection":[{"href":"https:\/\/saintlouisnews.sn\/index.php?rest_route=\/wp\/v2\/posts"}],"about":[{"href":"https:\/\/saintlouisnews.sn\/index.php?rest_route=\/wp\/v2\/types\/post"}],"author":[{"embeddable":true,"href":"https:\/\/saintlouisnews.sn\/index.php?rest_route=\/wp\/v2\/users\/1"}],"replies":[{"embeddable":true,"href":"https:\/\/saintlouisnews.sn\/index.php?rest_route=%2Fwp%2Fv2%2Fcomments&post=6148"}],"version-history":[{"count":1,"href":"https:\/\/saintlouisnews.sn\/index.php?rest_route=\/wp\/v2\/posts\/6148\/revisions"}],"predecessor-version":[{"id":6150,"href":"https:\/\/saintlouisnews.sn\/index.php?rest_route=\/wp\/v2\/posts\/6148\/revisions\/6150"}],"wp:featuredmedia":[{"embeddable":true,"href":"https:\/\/saintlouisnews.sn\/index.php?rest_route=\/wp\/v2\/media\/6151"}],"wp:attachment":[{"href":"https:\/\/saintlouisnews.sn\/index.php?rest_route=%2Fwp%2Fv2%2Fmedia&parent=6148"}],"wp:term":[{"taxonomy":"category","embeddable":true,"href":"https:\/\/saintlouisnews.sn\/index.php?rest_route=%2Fwp%2Fv2%2Fcategories&post=6148"},{"taxonomy":"post_tag","embeddable":true,"href":"https:\/\/saintlouisnews.sn\/index.php?rest_route=%2Fwp%2Fv2%2Ftags&post=6148"}],"curies":[{"name":"wp","href":"https:\/\/api.w.org\/{rel}","templated":true}]}}