{"id":6167,"date":"2025-06-12T23:24:19","date_gmt":"2025-06-12T23:24:19","guid":{"rendered":"https:\/\/saintlouisnews.sn\/?p=6167"},"modified":"2025-06-12T23:24:21","modified_gmt":"2025-06-12T23:24:21","slug":"tournee-economique-pole-nord-bassirou-diomaye-diakhar-faye-magnifie-les-efforts-consentis-pour-latteinte-de-lautosuffisance","status":"publish","type":"post","link":"https:\/\/saintlouisnews.sn\/?p=6167","title":{"rendered":"Tourn\u00e9e \u00e9conomique p\u00f4le Nord: Bassirou Diomaye Diakhar Faye magnifie les efforts consentis pour l&rsquo;atteinte de l&rsquo;autosuffisance"},"content":{"rendered":"\n<p>Le pr\u00e9sident de la R\u00e9publique, Bassirou Diomaye Diakhar Faye, a entam\u00e9 depuis hier, une tourn\u00e9e \u00e9conomique dans le p\u00f4le nord. Le Chef de l\u2019\u00c9tat, accueilli \u00e0 l\u2019a\u00e9roport international Ousmane Masseck Ndiaye, a pris la direction du d\u00e9partement de Podor notamment \u00e0 Ndiay\u00e8ne Pendao. Ici, il a visit\u00e9 le centre de groupage Boub\u00e9 et le casier rizicole de Sar\u00e9 Walo de la KOICA. Dans cette partie nord du pays, Bassirou Diomaye Diakhar Faye a magnifi\u00e9 les fruits du partenariat entre le S\u00e9n\u00e9gal et la Cor\u00e9e du Sud.<\/p>\n\n\n\n<p>Le pr\u00e9sident de la R\u00e9publique a entam\u00e9 sa tourn\u00e9e \u00e9conomique dans le p\u00f4le Nord, \u00e0 Ndiay\u00e8ne Pendao, dans le d\u00e9partement de Podor o\u00f9 il a visit\u00e9 les projets du de groupage Boub\u00e9 et le casier rizicole de Sar\u00e9 Walo, financ\u00e9s par l\u2019Agence cor\u00e9enne de Coop\u00e9ration internationale (KOICA).\u00ab Les objectifs de souverainet\u00e9 alimentaire sont \u00e0 port\u00e9e de main \u00bb Le Chef de l\u2019\u00c9tat a salu\u00e9 les r\u00e9sultats satisfaisants dans le secteur agricole apr\u00e8s avoir visit\u00e9 les r\u00e9alisations de la KOICA. \u00abLe p\u00e9rim\u00e8tre que nous avons visit\u00e9 nous conforte dans l\u2019id\u00e9e que les objectifs de souverainet\u00e9 alimentaire sont \u00e0 port\u00e9e de main dans le court terme. Ce sont des initiatives satisfaisantes qui m\u00e9ritent d\u2019\u00eatre multipli\u00e9es pour faire de l\u2019agriculture le fer de lance du d\u00e9veloppement \u00e9conomique du S\u00e9n\u00e9gal \u00bb, a d\u00e9clar\u00e9 le pr\u00e9sident de la R\u00e9publique. Pour lui, ce d\u00e9veloppement passe par la promotion de certaines sp\u00e9culations, comme le riz premi\u00e8re c\u00e9r\u00e9ale consomm\u00e9e au S\u00e9n\u00e9gal ainsi que d\u2019autres cultures. Revigor\u00e9 par ces r\u00e9sultats satisfaisants qui permettront de faire face aux al\u00e9as du march\u00e9 international en ce qui concerne le riz, il a ainsi annonc\u00e9 des investissements massifs dans le secteur, compte tenu du potentiel humain et hydro-agricole existant. \u00ab Ces investissements permettront de soutenir la politique agricole con\u00e7ue \u00e0 la suite des instructions que j\u2019ai donn\u00e9es et port\u00e9es par le minist\u00e8re de l\u2019Agriculture et ses \u00e9quipes, dont la SAED \u00bb, a-t-il fait savoir.Il a \u00e0 l\u2019occasion de l\u2019\u00e9tape de Ndiay\u00e9ne Pendao, salu\u00e9 la qualit\u00e9 de la coop\u00e9ration entre le S\u00e9n\u00e9gal et la Cor\u00e9e du Sud. \u00abLa coop\u00e9ration entre le S\u00e9n\u00e9gal et la Cor\u00e9e du Sud est une coop\u00e9ration excellente, tr\u00e8s conviviale, porteuse qui donne des r\u00e9sultats sur le plan concret, notamment dans le domaine de l\u2019agriculture et dans d\u2019autres domaines \u00bb, a rappel\u00e9 le pr\u00e9sident de la R\u00e9publique qui a assur\u00e9 que c\u2019est ce que le gouvernement s\u2019attelle \u00e0 faire dans le cadre des orientations qu\u2019il a donn\u00e9es. \u00ab Nous voulons faire en sorte que le S\u00e9n\u00e9gal puisse \u00eatre aujourd\u2019hui en mesure d\u2019assurer sa souverainet\u00e9 alimentaire\u00bb, a-t-il souhait\u00e9.<\/p>\n\n\n\n<p>A signaler que ces infrastructures majeures s\u2019inscrivent dans le cadre d\u2019un partenariat strat\u00e9gique entre le S\u00e9n\u00e9gal et la R\u00e9publique de Cor\u00e9e, mis en \u0153uvre par l\u2019Agence cor\u00e9enne de coop\u00e9ration internationale (KOICA). Elles constituent des leviers essentiels pour la transformation structurelle de l\u2019agriculture s\u00e9n\u00e9galaise. Cette initiative illustre la volont\u00e9 du chef de l\u2019\u00c9tat de \u00ab promouvoir une agriculture productive, r\u00e9siliente et durable \u00bb, en phase avec les orientations de l\u2019Agenda national de transformation et la Vision S\u00e9n\u00e9gal 2050. <\/p>\n\n\n\n<p>Le pr\u00e9sident \u00e9tait accompagn\u00e9 des ministres de l\u2019Agriculture, Mabouba Diagne, du Commerce, Serigne Gu\u00e8ye Diop, de l\u2019Urbanisme, Bala Moussa Fofana et de la Sant\u00e9, Ibrahima Sy.<\/p>\n\n\n\n<p>Apr\u00e8s le d\u00e9partement de Podor, Bassirou Diomaye Diakhar Faye, a ralli\u00e9 celui de Dagana. Il a \u00e9t\u00e9 \u00e0 Richard-Toll o\u00f9 il a visit\u00e9 les installations de la Compagnie sucri\u00e8re s\u00e9n\u00e9galaise. Employant pr\u00e8s de 8 000 personnes, la CSS joue un r\u00f4le cl\u00e9 dans l\u2019\u00e9conomie locale et nationale, notamment \u00e0 travers son projet ambitieux visant \u00e0 atteindre l\u2019autosuffisance en sucre d\u2019ici 2030. Cette visite r\u00e9affirme l\u2019engagement de l\u2019\u00c9tat \u00e0 soutenir les secteurs productifs strat\u00e9giques pour garantir la s\u00e9curit\u00e9 alimentaire du S\u00e9n\u00e9gal. Il s\u2019est dit satisfait des installations de la CSS dans la ville carrefour.\u00ab Les objectifs de l\u2019\u00c9tat et de la CSS sont orient\u00e9s vers l\u2019ambition strat\u00e9gique de satisfaire le march\u00e9 par la production locale \u00bbPour le Chef de l\u2019\u00c9tat, la Compagnie sucri\u00e8re s\u00e9n\u00e9galaise occupe une p,ace pr\u00e9pond\u00e9rante dans l\u2019\u00e9conomie nationale. \u00ab La Compagnie sucri\u00e8re s\u00e9n\u00e9galaise (Css) constitue une fiert\u00e9 nationale, au vu des efforts et des investissements consentis depuis plusieurs d\u00e9cennies, ainsi que de la cr\u00e9ation d\u2019emplois qu\u2019elle a g\u00e9n\u00e9r\u00e9e. Elle lutte contre le ch\u00f4mage et participe au d\u00e9veloppement de notre pays.  Cette dynamique se poursuit, avec la modernisation des \u00e9quipements de la CSS et sa volont\u00e9 affirm\u00e9e d\u2019accompagner l\u2019\u00c9tat du S\u00e9n\u00e9gal dans l\u2019atteinte de la souverainet\u00e9 alimentaire. Malgr\u00e9 l\u2019envergure de l\u2019exploitation, le march\u00e9 a \u00e9norm\u00e9ment \u00e9volu\u00e9 depuis les ann\u00e9es 1970, et les perspectives d\u00e9mographiques t\u00e9moignent d\u2019une augmentation in\u00e9vitable des besoins en sucre dans les ann\u00e9es \u00e0 venir \u00bb, a averti le pr\u00e9sident Faye avant de se r\u00e9jouir de la croissance de la production. \u00ab Je suis aujourd\u2019hui rassur\u00e9 par l\u2019augmentation de la production de la CSS, pass\u00e9e de 140 000 \u00e0 220 000 tonnes. Cette progression est soutenue par la mise en place de leviers visant \u00e0 optimiser davantage le processus de production du sucre raffin\u00e9. Cette d\u00e9marche doit \u00eatre accompagn\u00e9e par des am\u00e9nagements agricoles et l\u2019adoption de nouvelles techniques pour accro\u00eetre la production \u00bb, a pr\u00e9conis\u00e9 le Chef de l\u2019\u00c9tat qui s\u2019est f\u00e9licit\u00e9, tout de m\u00eame, de l\u2019alignement parfait entre les objectifs de la CSS et ceux de l\u2019\u00c9tat du S\u00e9n\u00e9gal. \u00ab Tous les deux sont orient\u00e9s vers l\u2019ambition strat\u00e9gique de satisfaire le march\u00e9 par la production locale. Il est n\u00e9cessaire de veiller \u00e0 la ma\u00eetrise des prix, afin de permettre aux consommateurs de b\u00e9n\u00e9ficier pleinement du produit s\u00e9n\u00e9galais \u00bb, a-t-il pr\u00e9cis\u00e9.Cette mission du Chef de l\u2019\u00c9tat dans le p\u00f4le Nord s\u2019inscrit dans le cadre du suivi et de l\u2019\u00e9valuation des projets agricoles et \u00e9conomiques initi\u00e9s par l\u2019\u00c9tat, pour renforcer les capacit\u00e9s de production et d\u2019encadrement des agriculteurs. Ce d\u00e9placement pr\u00e9sidentiel est aussi l\u2019occasion de renforcer la synergie entre les autorit\u00e9s publiques et les acteurs locaux, dans un contexte o\u00f9 l\u2019autosuffisance alimentaire est \u00e9rig\u00e9e en priorit\u00e9 nationale.<\/p>\n","protected":false},"excerpt":{"rendered":"<p>Le pr\u00e9sident de la R\u00e9publique, Bassirou Diomaye Diakhar Faye, a entam\u00e9 depuis hier, une tourn\u00e9e \u00e9conomique dans le p\u00f4le nord. Le Chef de l\u2019\u00c9tat, accueilli \u00e0 l\u2019a\u00e9roport international Ousmane Masseck Ndiaye, a pris la direction du d\u00e9partement de Podor notamment \u00e0 Ndiay\u00e8ne Pendao. Ici, il a visit\u00e9 le centre de groupage Boub\u00e9 et le casier &hellip;<\/p>\n","protected":false},"author":1,"featured_media":6168,"comment_status":"open","ping_status":"open","sticky":false,"template":"","format":"standard","meta":{"footnotes":""},"categories":[218,219],"tags":[],"class_list":["post-6167","post","type-post","status-publish","format-standard","has-post-thumbnail","hentry","category-a-laune","category-actualites"],"_links":{"self":[{"href":"https:\/\/saintlouisnews.sn\/index.php?rest_route=\/wp\/v2\/posts\/6167","targetHints":{"allow":["GET"]}}],"collection":[{"href":"https:\/\/saintlouisnews.sn\/index.php?rest_route=\/wp\/v2\/posts"}],"about":[{"href":"https:\/\/saintlouisnews.sn\/index.php?rest_route=\/wp\/v2\/types\/post"}],"author":[{"embeddable":true,"href":"https:\/\/saintlouisnews.sn\/index.php?rest_route=\/wp\/v2\/users\/1"}],"replies":[{"embeddable":true,"href":"https:\/\/saintlouisnews.sn\/index.php?rest_route=%2Fwp%2Fv2%2Fcomments&post=6167"}],"version-history":[{"count":1,"href":"https:\/\/saintlouisnews.sn\/index.php?rest_route=\/wp\/v2\/posts\/6167\/revisions"}],"predecessor-version":[{"id":6169,"href":"https:\/\/saintlouisnews.sn\/index.php?rest_route=\/wp\/v2\/posts\/6167\/revisions\/6169"}],"wp:featuredmedia":[{"embeddable":true,"href":"https:\/\/saintlouisnews.sn\/index.php?rest_route=\/wp\/v2\/media\/6168"}],"wp:attachment":[{"href":"https:\/\/saintlouisnews.sn\/index.php?rest_route=%2Fwp%2Fv2%2Fmedia&parent=6167"}],"wp:term":[{"taxonomy":"category","embeddable":true,"href":"https:\/\/saintlouisnews.sn\/index.php?rest_route=%2Fwp%2Fv2%2Fcategories&post=6167"},{"taxonomy":"post_tag","embeddable":true,"href":"https:\/\/saintlouisnews.sn\/index.php?rest_route=%2Fwp%2Fv2%2Ftags&post=6167"}],"curies":[{"name":"wp","href":"https:\/\/api.w.org\/{rel}","templated":true}]}}