{"id":6247,"date":"2025-07-02T21:01:23","date_gmt":"2025-07-02T21:01:23","guid":{"rendered":"https:\/\/saintlouisnews.sn\/?p=6247"},"modified":"2025-07-02T21:01:25","modified_gmt":"2025-07-02T21:01:25","slug":"vers-un-nouveau-plan-strategique-contre-les-mnt","status":"publish","type":"post","link":"https:\/\/saintlouisnews.sn\/?p=6247","title":{"rendered":"Vers un nouveau plan strat\u00e9gique contre les MNT"},"content":{"rendered":"\n<p>Le minist\u00e8re de la Sant\u00e9 et de l\u2019Action sociale travaille sur un nouveau plan strat\u00e9gique qui prend en compte la lutte contre les maladies non transmissibles, a-t-on appris d\u2019un responsable de cette division.\u201cAujourd\u2019hui, nous avons un plan d\u2019acc\u00e9l\u00e9ration de 2023-2025. Nous sommes en train de l\u2019\u00e9valuer et nous allons \u00e9laborer un autre plan strat\u00e9gique qui va \u00eatre \u00e9labor\u00e9 avec l\u2019ensemble des partenaires et des experts [\u2026]\u201d concern\u00e9s par la lutte contre les maladies non transmissibles, a annonc\u00e9 docteur Malick Anne. Le chef de la division de la lutte contre les maladies non transmissibles prenait part \u00e0 un atelier de diss\u00e9mination des donn\u00e9es d\u2019une enqu\u00eate sur la pr\u00e9valence des facteurs de risques des MNT.\u201cCe plan va tenir compte des r\u00e9sultats que nous avons observ\u00e9s\u201d, lesquels vont servir de base \u00e0 \u201cun plan strat\u00e9gique qui sera actuel et factuel\u201d, a soutenu le docteur Anne.\u201cL\u2019avantage que nous avons cette fois-ci, c\u2019est que [\u2026] les r\u00e9sultats sont venus \u00e0 la bonne heure\u201d, a-t-il dit, en soulignant que dans le cadre de la strat\u00e9gie \u201cS\u00e9n\u00e9gal Vision 2050\u201d, la priorit\u00e9 est accord\u00e9e \u00e0 la lutte contre les maladies non transmissibles.\u201cC\u2019est un fait. Le second fait aussi, c\u2019est qu\u2019on parle maintenant de sant\u00e9 pr\u00e9ventive. Ces deux \u00e9l\u00e9ments importants qui sont l\u00e0\u201d, vont servir \u00e0 b\u00e2tir la strat\u00e9gie du ministre de la Sant\u00e9, a insist\u00e9 le chef de la division de la lutte contre les maladies non transmissibles.<\/p>\n\n\n\n<p>L\u2019ambition des autorit\u00e9s est de \u201cfaire en sorte qu\u2019aujourd\u2019hui, on puisse int\u00e9grer les maladies non transmissibles dans les soins et centres primaires, afin que l\u2019acteur communautaire qui est au niveau des zones les plus recul\u00e9es puisse jouer un r\u00f4le dans [la lutte contre lesdites maladies non transmissibles]\u201d, a ajout\u00e9 docteur Anne.Le secr\u00e9taire g\u00e9n\u00e9ral du minist\u00e8re de la Sant\u00e9 et de l\u2019Action sociale, venu pr\u00e9sider l\u2019ouverture officielle de cette rencontre, a list\u00e9 les avantages de disposer de donn\u00e9es concernant les facteurs de risque des MNT.\u201cCes donn\u00e9es actualis\u00e9es nous permettent de mieux cerner les comportements agressifs, les vuln\u00e9rabilit\u00e9s sp\u00e9cifiques ainsi que les disparit\u00e9s forc\u00e9es entre les groupes et populations\u201d, a soutenu Serigne Mbaye.Il a soulign\u00e9 la n\u00e9cessit\u00e9 de poursuivre l\u2019engagement \u00e0 int\u00e9grer ces donn\u00e9es dans l\u2019\u00e9laboration de ces politiques et le suivi des plans strat\u00e9giques de lutte contre les maladies non transmissibles.L\u2019enqu\u00eate recommande le renforcement des politiques de sant\u00e9 publique et la mise en place un Programme int\u00e9gr\u00e9 de lutte contre les MNT, incluant un volet sp\u00e9cifique pour la vision et l\u2019audition, a-t-il indiqu\u00e9.Elle pr\u00e9conise par ailleurs le renforcement de la r\u00e8glementation sur le tabac et l\u2019alcool, mais aussi le renforcement de la politique nationale de pr\u00e9vention de l\u2019hypertension art\u00e9rielle.Le renforcement de l\u2019Agence nationale de s\u00e9curit\u00e9 routi\u00e8re pour r\u00e9duire les accidents (sensibilisation, contr\u00f4le des fractions) compte \u00e9galement parmi les mesures sugg\u00e9r\u00e9es par cette enqu\u00eate.<\/p>\n\n\n\n<p>La conduite de campagnes de sensibilisation sur les risques li\u00e9s aux MNT et l\u2019\u00e9ducation des populations sur la n\u00e9cessit\u00e9 d\u2019une bonne alimentation et de l\u2019activit\u00e9 physique sont d\u2019autres points recommand\u00e9s par cette enqu\u00eate.<\/p>\n\n\n\n<p><\/p>\n","protected":false},"excerpt":{"rendered":"<p>Le minist\u00e8re de la Sant\u00e9 et de l\u2019Action sociale travaille sur un nouveau plan strat\u00e9gique qui prend en compte la lutte contre les maladies non transmissibles, a-t-on appris d\u2019un responsable de cette division.\u201cAujourd\u2019hui, nous avons un plan d\u2019acc\u00e9l\u00e9ration de 2023-2025. Nous sommes en train de l\u2019\u00e9valuer et nous allons \u00e9laborer un autre plan strat\u00e9gique qui &hellip;<\/p>\n","protected":false},"author":1,"featured_media":6248,"comment_status":"open","ping_status":"open","sticky":false,"template":"","format":"standard","meta":{"footnotes":""},"categories":[218,219,231],"tags":[],"class_list":["post-6247","post","type-post","status-publish","format-standard","has-post-thumbnail","hentry","category-a-laune","category-actualites","category-societe"],"_links":{"self":[{"href":"https:\/\/saintlouisnews.sn\/index.php?rest_route=\/wp\/v2\/posts\/6247","targetHints":{"allow":["GET"]}}],"collection":[{"href":"https:\/\/saintlouisnews.sn\/index.php?rest_route=\/wp\/v2\/posts"}],"about":[{"href":"https:\/\/saintlouisnews.sn\/index.php?rest_route=\/wp\/v2\/types\/post"}],"author":[{"embeddable":true,"href":"https:\/\/saintlouisnews.sn\/index.php?rest_route=\/wp\/v2\/users\/1"}],"replies":[{"embeddable":true,"href":"https:\/\/saintlouisnews.sn\/index.php?rest_route=%2Fwp%2Fv2%2Fcomments&post=6247"}],"version-history":[{"count":1,"href":"https:\/\/saintlouisnews.sn\/index.php?rest_route=\/wp\/v2\/posts\/6247\/revisions"}],"predecessor-version":[{"id":6249,"href":"https:\/\/saintlouisnews.sn\/index.php?rest_route=\/wp\/v2\/posts\/6247\/revisions\/6249"}],"wp:featuredmedia":[{"embeddable":true,"href":"https:\/\/saintlouisnews.sn\/index.php?rest_route=\/wp\/v2\/media\/6248"}],"wp:attachment":[{"href":"https:\/\/saintlouisnews.sn\/index.php?rest_route=%2Fwp%2Fv2%2Fmedia&parent=6247"}],"wp:term":[{"taxonomy":"category","embeddable":true,"href":"https:\/\/saintlouisnews.sn\/index.php?rest_route=%2Fwp%2Fv2%2Fcategories&post=6247"},{"taxonomy":"post_tag","embeddable":true,"href":"https:\/\/saintlouisnews.sn\/index.php?rest_route=%2Fwp%2Fv2%2Ftags&post=6247"}],"curies":[{"name":"wp","href":"https:\/\/api.w.org\/{rel}","templated":true}]}}